{"id":10347,"date":"2026-07-23T22:17:31","date_gmt":"2026-07-24T01:17:31","guid":{"rendered":"https:\/\/radiokissnoticias.com.ar\/web\/?p=10347"},"modified":"2026-07-23T22:17:31","modified_gmt":"2026-07-24T01:17:31","slug":"mercedes-tendra-un-servicio-de-colectivo-municipal-mientras-se-define-la-licitacion","status":"publish","type":"post","link":"https:\/\/radiokissnoticias.com.ar\/web\/2026\/07\/23\/mercedes-tendra-un-servicio-de-colectivo-municipal-mientras-se-define-la-licitacion\/","title":{"rendered":"Mercedes tendr\u00e1 un servicio de colectivo municipal mientras se define la licitaci\u00f3n"},"content":{"rendered":"<p>V\u00edctor Cemborain confirm\u00f3 a la radio del diario El Litoral que el municipio puso en funcionamiento un servicio de transporte p\u00fablico gratuito para los vecinos, luego de que la empresa que estaba a cargo abandonara la prestaci\u00f3n.<\/p>\n<p><img decoding=\"async\" src=\"https:\/\/www.powernoticias.com\/images\/202607232050510482\" \/><\/p>\n<p>El intendente de Mercedes, V\u00edctor Cemborain, confirm\u00f3 en Hoja de Ruta que el municipio puso en funcionamiento un servicio de transporte p\u00fablico gratuito para los vecinos, luego de que la empresa que estaba a cargo abandonara la prestaci\u00f3n.<\/p>\n<p>Mientras avanza una nueva licitaci\u00f3n, el municipio dispuso un colectivo para cubrir parte de los recorridos y anticip\u00f3 que desde el lunes, con el inicio de las clases, se ampliar\u00e1n los horarios para facilitar tambi\u00e9n el traslado de los estudiantes.<\/p>\n<p>Adem\u00e1s, Cemborain confirm\u00f3 que el municipio puso a disposici\u00f3n otro colectivo para trasladar gratuitamente a unos 32 chicos desde un paraje ubicado a unos 20 kil\u00f3metros de la Escuela Secundaria de Boquer\u00f3n.<\/p>\n<p><b>Situaci\u00f3n econ\u00f3mica compleja<\/b><\/p>\n<p>Durante la entrevista, el intendente tambi\u00e9n se refiri\u00f3 a la situaci\u00f3n econ\u00f3mica y revel\u00f3 un dato que refleja la demanda laboral en la ciudad: asegur\u00f3 que, de las personas que recibe semanalmente en sus audiencias, cerca del 85% concurre en busca de trabajo.<\/p>\n<p>&#8220;El 85 por ciento aproximado buscaban trabajo&#8221;, se\u00f1al\u00f3 Cemborain, quien reconoci\u00f3 que la situaci\u00f3n econ\u00f3mica &#8220;no est\u00e1 bien para nadie&#8221;, aunque se mostr\u00f3 optimista sobre el futuro: &#8220;Estoy convencido que va a mejorar. No podemos ir para atr\u00e1s&#8221;.<\/p>\n","protected":false},"excerpt":{"rendered":"<p>V\u00edctor Cemborain confirm\u00f3 a la radio del diario El Litoral que el municipio puso en funcionamiento un servicio de transporte p\u00fablico gratuito para los vecinos, luego de que la empresa que estaba a cargo abandonara la prestaci\u00f3n. El intendente de Mercedes, V\u00edctor Cemborain, confirm\u00f3 en Hoja de Ruta que el municipio puso en funcionamiento un [&hellip;]<\/p>\n","protected":false},"author":2,"featured_media":10348,"comment_status":"open","ping_status":"open","sticky":false,"template":"","format":"standard","meta":{"footnotes":""},"categories":[79],"tags":[],"class_list":["post-10347","post","type-post","status-publish","format-standard","has-post-thumbnail","category-provincia"],"_links":{"self":[{"href":"https:\/\/radiokissnoticias.com.ar\/web\/wp-json\/wp\/v2\/posts\/10347","targetHints":{"allow":["GET"]}}],"collection":[{"href":"https:\/\/radiokissnoticias.com.ar\/web\/wp-json\/wp\/v2\/posts"}],"about":[{"href":"https:\/\/radiokissnoticias.com.ar\/web\/wp-json\/wp\/v2\/types\/post"}],"author":[{"embeddable":true,"href":"https:\/\/radiokissnoticias.com.ar\/web\/wp-json\/wp\/v2\/users\/2"}],"replies":[{"embeddable":true,"href":"https:\/\/radiokissnoticias.com.ar\/web\/wp-json\/wp\/v2\/comments?post=10347"}],"version-history":[{"count":1,"href":"https:\/\/radiokissnoticias.com.ar\/web\/wp-json\/wp\/v2\/posts\/10347\/revisions"}],"predecessor-version":[{"id":10349,"href":"https:\/\/radiokissnoticias.com.ar\/web\/wp-json\/wp\/v2\/posts\/10347\/revisions\/10349"}],"wp:featuredmedia":[{"embeddable":true,"href":"https:\/\/radiokissnoticias.com.ar\/web\/wp-json\/wp\/v2\/media\/10348"}],"wp:attachment":[{"href":"https:\/\/radiokissnoticias.com.ar\/web\/wp-json\/wp\/v2\/media?parent=10347"}],"wp:term":[{"taxonomy":"category","embeddable":true,"href":"https:\/\/radiokissnoticias.com.ar\/web\/wp-json\/wp\/v2\/categories?post=10347"},{"taxonomy":"post_tag","embeddable":true,"href":"https:\/\/radiokissnoticias.com.ar\/web\/wp-json\/wp\/v2\/tags?post=10347"}],"curies":[{"name":"wp","href":"https:\/\/api.w.org\/{rel}","templated":true}]}}