{"id":10337,"date":"2026-07-23T17:25:48","date_gmt":"2026-07-23T20:25:48","guid":{"rendered":"https:\/\/radiokissnoticias.com.ar\/web\/?p=10337"},"modified":"2026-07-23T17:25:48","modified_gmt":"2026-07-23T20:25:48","slug":"juan-pablo-valdes-recibio-al-embajador-de-la-union-europea","status":"publish","type":"post","link":"https:\/\/radiokissnoticias.com.ar\/web\/2026\/07\/23\/juan-pablo-valdes-recibio-al-embajador-de-la-union-europea\/","title":{"rendered":"Juan Pablo Vald\u00e9s recibi\u00f3 al embajador de la Uni\u00f3n Europea"},"content":{"rendered":"<p>El gobernador de la provincia encabez\u00f3 un encuentro con Erik H\u00f8eg, jefe de la Delegaci\u00f3n de la Uni\u00f3n Europea en la Rep\u00fablica Argentina. La visita form\u00f3 parte de la agenda institucional orientada a fortalecer los v\u00ednculos de cooperaci\u00f3n y analizar oportunidades de trabajo conjunto.<\/p>\n<p>El gobernador de Corrientes Juan Pablo Vald\u00e9s, recibi\u00f3 este jueves al embajador de la Uni\u00f3n Europea en la Rep\u00fablica Argentina, Erik H\u00f8eg, en el marco de una agenda institucional.<\/p>\n<p>Seg\u00fan informaci\u00f3n que maneja el cronista de Sudamericana, el encuentro se desarroll\u00f3 poco antes del mediod\u00eda en las oficinas del mandatario provincial en el Centro Administrativo. Luego, ambos funcionarios sobrevolaron los Esteros del Iber\u00e1 al culminar la reuni\u00f3n.<\/p>\n<p>Adem\u00e1s, este viernes Vald\u00e9s recibir\u00e1 al embajador de la India en Corrientes Sr. Ajaneesh Kumar.<\/p>\n<p>Qui\u00e9n es Erik H\u00f8eg<\/p>\n<p>Erik H\u00f8eg es el embajador de la Uni\u00f3n Europea en la Rep\u00fablica Argentina desde septiembre de 2025. De nacionalidad danesa, cuenta con una extensa trayectoria diplom\u00e1tica y, antes de asumir en Buenos Aires, se desempe\u00f1\u00f3 como representante de la Uni\u00f3n Europea en Colombia.<\/p>\n<p>Como jefe de la Delegaci\u00f3n de la Uni\u00f3n Europea, tiene la misi\u00f3n de fortalecer las relaciones pol\u00edticas, econ\u00f3micas y de cooperaci\u00f3n entre el bloque europeo y Argentina. Su gesti\u00f3n se desarrolla en un contexto marcado por la puesta en marcha del acuerdo comercial entre la Uni\u00f3n Europea y el Mercosur, una negociaci\u00f3n que demand\u00f3 m\u00e1s de 25 a\u00f1os.<\/p>\n<p>En los \u00faltimos meses, H\u00f8eg sostuvo que el acuerdo comercial brinda mayor previsibilidad para las inversiones y destac\u00f3 el inter\u00e9s europeo por sectores estrat\u00e9gicos de Argentina, como la energ\u00eda, la miner\u00eda, la agroindustria y las materias primas cr\u00edticas. Tambi\u00e9n remarc\u00f3 que la Uni\u00f3n Europea representa el principal inversor extranjero en el pa\u00eds, concentrando cerca del 40 % del stock de inversi\u00f3n extranjera directa.<\/p>\n<p>Durante su gesti\u00f3n recorri\u00f3 distintas provincias argentinas para conocer proyectos productivos y promover la cooperaci\u00f3n entre empresas e instituciones europeas y argentinas. Entre sus actividades recientes se destacan visitas a yacimientos mineros en San Juan y el impulso de iniciativas vinculadas al desarrollo sostenible, la transici\u00f3n energ\u00e9tica y el comercio bilateral<\/p>\n","protected":false},"excerpt":{"rendered":"<p>El gobernador de la provincia encabez\u00f3 un encuentro con Erik H\u00f8eg, jefe de la Delegaci\u00f3n de la Uni\u00f3n Europea en la Rep\u00fablica Argentina. La visita form\u00f3 parte de la agenda institucional orientada a fortalecer los v\u00ednculos de cooperaci\u00f3n y analizar oportunidades de trabajo conjunto. El gobernador de Corrientes Juan Pablo Vald\u00e9s, recibi\u00f3 este jueves al [&hellip;]<\/p>\n","protected":false},"author":2,"featured_media":10338,"comment_status":"open","ping_status":"open","sticky":false,"template":"","format":"standard","meta":{"footnotes":""},"categories":[79],"tags":[],"class_list":["post-10337","post","type-post","status-publish","format-standard","has-post-thumbnail","category-provincia"],"_links":{"self":[{"href":"https:\/\/radiokissnoticias.com.ar\/web\/wp-json\/wp\/v2\/posts\/10337","targetHints":{"allow":["GET"]}}],"collection":[{"href":"https:\/\/radiokissnoticias.com.ar\/web\/wp-json\/wp\/v2\/posts"}],"about":[{"href":"https:\/\/radiokissnoticias.com.ar\/web\/wp-json\/wp\/v2\/types\/post"}],"author":[{"embeddable":true,"href":"https:\/\/radiokissnoticias.com.ar\/web\/wp-json\/wp\/v2\/users\/2"}],"replies":[{"embeddable":true,"href":"https:\/\/radiokissnoticias.com.ar\/web\/wp-json\/wp\/v2\/comments?post=10337"}],"version-history":[{"count":1,"href":"https:\/\/radiokissnoticias.com.ar\/web\/wp-json\/wp\/v2\/posts\/10337\/revisions"}],"predecessor-version":[{"id":10339,"href":"https:\/\/radiokissnoticias.com.ar\/web\/wp-json\/wp\/v2\/posts\/10337\/revisions\/10339"}],"wp:featuredmedia":[{"embeddable":true,"href":"https:\/\/radiokissnoticias.com.ar\/web\/wp-json\/wp\/v2\/media\/10338"}],"wp:attachment":[{"href":"https:\/\/radiokissnoticias.com.ar\/web\/wp-json\/wp\/v2\/media?parent=10337"}],"wp:term":[{"taxonomy":"category","embeddable":true,"href":"https:\/\/radiokissnoticias.com.ar\/web\/wp-json\/wp\/v2\/categories?post=10337"},{"taxonomy":"post_tag","embeddable":true,"href":"https:\/\/radiokissnoticias.com.ar\/web\/wp-json\/wp\/v2\/tags?post=10337"}],"curies":[{"name":"wp","href":"https:\/\/api.w.org\/{rel}","templated":true}]}}