{"id":10305,"date":"2026-07-23T16:42:09","date_gmt":"2026-07-23T19:42:09","guid":{"rendered":"https:\/\/radiokissnoticias.com.ar\/web\/?p=10305"},"modified":"2026-07-23T16:42:09","modified_gmt":"2026-07-23T19:42:09","slug":"confirman-que-una-avanzada-del-vaticano-llego-a-buenos-aires-para-organizar-una-eventual-visita-del-papa","status":"publish","type":"post","link":"https:\/\/radiokissnoticias.com.ar\/web\/2026\/07\/23\/confirman-que-una-avanzada-del-vaticano-llego-a-buenos-aires-para-organizar-una-eventual-visita-del-papa\/","title":{"rendered":"Confirman que una avanzada del Vaticano lleg\u00f3 a Buenos Aires para organizar una eventual visita del Papa"},"content":{"rendered":"<p>El presidente de la Conferencia Episcopal Argentina, monse\u00f1or Marcelo Colombo, confirm\u00f3 que ya se evaluaron los posibles lugares que visitar\u00eda el papa Le\u00f3n XIV, aunque aclar\u00f3 que el viaje todav\u00eda no tiene fecha confirmada<\/p>\n<p>El presidente de la Conferencia Episcopal Argentina, monse\u00f1or Marcelo Colombo, confirm\u00f3 que una avanzada del Vaticano ya recorri\u00f3 la Argentina para evaluar los posibles lugares que visitar\u00eda el papa Le\u00f3n XIV, aunque aclar\u00f3 que el viaje todav\u00eda no tiene fecha oficial. Las declaraciones las formul\u00f3 en Radio Mitre, en di\u00e1logo con Eduardo Feinmann, pocas horas despu\u00e9s de recibir en el aeropuerto internacional de Ezeiza al nuevo nuncio apost\u00f3lico de la Santa Sede, monse\u00f1or Michael Wallace Banach.<\/p>\n<p>\u201cSon hip\u00f3tesis\u201d, dijo Colombo al ser consultado sobre las fechas que circulan en los medios. El arzobispo de Mendoza fue categ\u00f3rico: ni \u00e9l ni el Episcopado cuentan con d\u00edas confirmados para la visita. \u201cNosotros todav\u00eda estamos esperando la confirmaci\u00f3n general, dir\u00edamos, que es la m\u00e1s importante\u201d, sostuvo.<\/p>\n<p>La avanzada log\u00edstica que el Vaticano ya realiz\u00f3 en el pa\u00eds<\/p>\n<p>Colombo confirm\u00f3 que especialistas enviados por la Santa Sede ya visitaron la Argentina con un objetivo concreto: reconocer los posibles escenarios de la gira papal y comenzar a imaginar la log\u00edstica que demanda un viaje de esa magnitud.<\/p>\n<p>\u201cEs una visita que se hace con expertos, con especialistas, para ver posibles lugares\u201d, precis\u00f3. El operativo no se limita a la agenda religiosa.<\/p>\n<p>Seg\u00fan explic\u00f3 el presidente del Episcopado, alrededor de un viaje papal se despliega un engranaje que incluye la seguridad del Pont\u00edfice, los representantes de distintas \u00e1reas del Vaticano, y los periodistas acreditados que cubren cada desplazamiento. \u201cA veces creo que llegan hasta ochenta\u201d, se\u00f1al\u00f3 sobre la cantidad de corresponsales que acompa\u00f1an al Papa en sus giras internacionales.<\/p>\n<p>Sin fecha oficial: las \u201chip\u00f3tesis\u201d que circulan en los medios<\/p>\n<p>Cuando le mencionaron el 9 de noviembre como posible fecha de llegada, Colombo lo fren\u00f3 con humor: \u201cEstamos todav\u00eda peor que yo con el desembarco\u201d. La referencia era a su propia llegada tard\u00eda al aeropuerto para recibir a Banach.<\/p>\n<p>El arzobispo fue preciso en la distinci\u00f3n entre lo que se especula y lo que el Episcopado maneja formalmente. \u201cSon hip\u00f3tesis\u201d, repiti\u00f3. Y agreg\u00f3 que, de confirmarse la visita, la fecha depender\u00e1 de c\u00f3mo se coordine el itinerario con los otros dos pa\u00edses de la gira: Per\u00fa y Uruguay.<\/p>\n<p>\u201cHay que ver c\u00f3mo se compagina con Per\u00fa y Uruguay\u201d, explic\u00f3. La Argentina no es el \u00fanico destino en juego y esa variable condiciona directamente los d\u00edas disponibles para cada escala.<\/p>\n<p>Tres d\u00edas en el pa\u00eds y el deseo de recorrer las regiones<\/p>\n<p>Sobre la duraci\u00f3n del paso del Papa por la Argentina, Colombo no confirm\u00f3 ni desminti\u00f3 la versi\u00f3n que habla de tres d\u00edas. Se limit\u00f3 a expresar un deseo: que sean m\u00e1s.<\/p>\n<p>\u201cNos gustar\u00eda m\u00e1s\u201d, admiti\u00f3. Y fundament\u00f3 ese anhelo en la diversidad geogr\u00e1fica y cultural del pa\u00eds. \u201cSabemos que la Argentina es muy larga y muy ancha y tenemos realidades, culturas, regiones tan distintas que ser\u00eda hermoso poderlas conocer de primera mano\u201d, afirm\u00f3.<\/p>\n<p>Al mismo tiempo, el arzobispo de Mendoza encuadr\u00f3 la visita en el momento del pontificado. \u201cSabemos que es el comienzo de su pontificado y que seguramente tendremos otra oportunidad para un bis, si Dios quiere\u201d, dijo, con la expectativa de que una primera gira abra la puerta a futuras visitas.<\/p>\n<p>El nuevo nuncio: un diplom\u00e1tico con d\u00e9cadas de experiencia internacional<br \/>\nLa entrevista se dio en el marco del arribo de monse\u00f1or Michael Wallace Banach a la Argentina. El diplom\u00e1tico estadounidense asumi\u00f3 como nuevo representante de la Santa Sede tras concluir su misi\u00f3n en Hungr\u00eda y fue recibido en Ezeiza por Colombo junto a otras autoridades eclesi\u00e1sticas y el secretario de Culto de la Naci\u00f3n, Agust\u00edn Caulo.<\/p>\n<p>Colombo describi\u00f3 a Banach como un hombre de vasta trayectoria diplom\u00e1tica. Inici\u00f3 su carrera en Bolivia durante los a\u00f1os noventa, donde permaneci\u00f3 cuatro a\u00f1os, y luego se desempe\u00f1\u00f3 en distintos organismos internacionales con sede en Suiza, donde la Santa Sede participa con su Magisterio en debates sobre desarme y cuestiones nucleares.<\/p>\n<p>Entre sus destinos m\u00e1s exigentes, Colombo destac\u00f3 la misi\u00f3n en Pap\u00faa Nueva Guinea, que defini\u00f3 como \u201cun destino de esos muy dif\u00edciles, de tipo misionero\u201d. Antes de llegar a la Argentina, el nuncio ejerci\u00f3 funciones en Hungr\u00eda, un pa\u00eds al que el arzobispo de Mendoza calific\u00f3 como \u201cun lugar tambi\u00e9n de mucha exigencia\u201d por sus particularidades dentro del contexto europeo.<\/p>\n<p>\u201cRecibimos a un diplom\u00e1tico de mucha preparaci\u00f3n y con mucha voluntad de conocernos y de servir a la Iglesia en la Argentina\u201d, resumi\u00f3 Colombo.<\/p>\n<p>Un v\u00ednculo inesperado: los mismos pasillos en Roma<\/p>\n<p>M\u00e1s all\u00e1 del protocolo, el encuentro entre Colombo y Banach tuvo un condimento personal. Ambos coincidieron como estudiantes en la Pontificia Universidad Gregoriana de Roma, dirigida por los padres jesuitas, en los mismos a\u00f1os.<\/p>\n<p>\u201cEvoc\u00e1bamos profesores comunes\u201d, cont\u00f3 Colombo. El nuevo nuncio lleg\u00f3 al encuentro con la memoria intacta: \u201cSe acordaba perfectamente hasta los gestos, las muecas de los profesores\u201d, describi\u00f3 el arzobispo con evidente simpat\u00eda.<\/p>\n<p>Colombo aclar\u00f3 que ninguno de los dos es jesuita. Banach es sacerdote diocesano, al igual que \u00e9l. La Pontificia Universidad Gregoriana, aclar\u00f3, es una de las grandes casas de estudios del mundo, abierta a sacerdotes de distintas congregaciones y di\u00f3cesis.<\/p>\n<p>Sobre el perfil humano del nuevo nuncio, el presidente del Episcopado fue elocuente: \u201cEs una persona muy sencilla, muy jovial, con mucho humor\u201d. Y destac\u00f3 su capacidad de comunicaci\u00f3n como uno de sus rasgos m\u00e1s notorios.<\/p>\n<p>Banach habla castellano con fluidez. \u201cPerfectamente\u201d, respondi\u00f3 Colombo cuando Feinmann le pregunt\u00f3 sobre el idioma. \u201cMuy fluidamente\u201d, reafirm\u00f3.<\/p>\n<p>\u201cNo nos visit\u00f3 porque nunca se fue\u201d<\/p>\n<p>La conversaci\u00f3n deriv\u00f3 hacia el legado del papa Francisco en la Argentina. Colombo evoc\u00f3 la paradoja de un papa argentino que nunca visit\u00f3 su pa\u00eds de origen durante su pontificado y ofreci\u00f3 su propia lectura.<\/p>\n<p>\u201cA m\u00ed me resurge decir: \u2018No nos visit\u00f3 porque nunca se fue\u2019\u201d, afirm\u00f3. Para el arzobispo de Mendoza, Francisco estuvo presente de otra manera: \u201cEn nuestras mesas, en nuestros di\u00e1logos, en tantas cosas que lo hicieron muy, muy presente\u201d.<\/p>\n<p>Colombo consider\u00f3 que Francisco va a quedar como una figura de proyecci\u00f3n global salida de una realidad particular. \u201cLo que es ejercer un ministerio de esas caracter\u00edsticas globales saliendo de una realidad tan particular como la argentina\u201d, reflexion\u00f3. \u201cEso le exigi\u00f3 a \u00e9l ponerse en un lugar de mucha preparaci\u00f3n. Y lo hizo holgadamente\u201d, concluy\u00f3.<\/p>\n","protected":false},"excerpt":{"rendered":"<p>El presidente de la Conferencia Episcopal Argentina, monse\u00f1or Marcelo Colombo, confirm\u00f3 que ya se evaluaron los posibles lugares que visitar\u00eda el papa Le\u00f3n XIV, aunque aclar\u00f3 que el viaje todav\u00eda no tiene fecha confirmada El presidente de la Conferencia Episcopal Argentina, monse\u00f1or Marcelo Colombo, confirm\u00f3 que una avanzada del Vaticano ya recorri\u00f3 la Argentina para [&hellip;]<\/p>\n","protected":false},"author":2,"featured_media":10306,"comment_status":"open","ping_status":"open","sticky":false,"template":"","format":"standard","meta":{"footnotes":""},"categories":[78],"tags":[],"class_list":["post-10305","post","type-post","status-publish","format-standard","has-post-thumbnail","category-nacional"],"_links":{"self":[{"href":"https:\/\/radiokissnoticias.com.ar\/web\/wp-json\/wp\/v2\/posts\/10305","targetHints":{"allow":["GET"]}}],"collection":[{"href":"https:\/\/radiokissnoticias.com.ar\/web\/wp-json\/wp\/v2\/posts"}],"about":[{"href":"https:\/\/radiokissnoticias.com.ar\/web\/wp-json\/wp\/v2\/types\/post"}],"author":[{"embeddable":true,"href":"https:\/\/radiokissnoticias.com.ar\/web\/wp-json\/wp\/v2\/users\/2"}],"replies":[{"embeddable":true,"href":"https:\/\/radiokissnoticias.com.ar\/web\/wp-json\/wp\/v2\/comments?post=10305"}],"version-history":[{"count":1,"href":"https:\/\/radiokissnoticias.com.ar\/web\/wp-json\/wp\/v2\/posts\/10305\/revisions"}],"predecessor-version":[{"id":10307,"href":"https:\/\/radiokissnoticias.com.ar\/web\/wp-json\/wp\/v2\/posts\/10305\/revisions\/10307"}],"wp:featuredmedia":[{"embeddable":true,"href":"https:\/\/radiokissnoticias.com.ar\/web\/wp-json\/wp\/v2\/media\/10306"}],"wp:attachment":[{"href":"https:\/\/radiokissnoticias.com.ar\/web\/wp-json\/wp\/v2\/media?parent=10305"}],"wp:term":[{"taxonomy":"category","embeddable":true,"href":"https:\/\/radiokissnoticias.com.ar\/web\/wp-json\/wp\/v2\/categories?post=10305"},{"taxonomy":"post_tag","embeddable":true,"href":"https:\/\/radiokissnoticias.com.ar\/web\/wp-json\/wp\/v2\/tags?post=10305"}],"curies":[{"name":"wp","href":"https:\/\/api.w.org\/{rel}","templated":true}]}}