{"id":10293,"date":"2026-07-23T16:32:38","date_gmt":"2026-07-23T19:32:38","guid":{"rendered":"https:\/\/radiokissnoticias.com.ar\/web\/?p=10293"},"modified":"2026-07-23T16:32:38","modified_gmt":"2026-07-23T19:32:38","slug":"vera-la-jueza-pozzer-penzo-tiene-una-absoluta-inoperancia","status":"publish","type":"post","link":"https:\/\/radiokissnoticias.com.ar\/web\/2026\/07\/23\/vera-la-jueza-pozzer-penzo-tiene-una-absoluta-inoperancia\/","title":{"rendered":"Vera: \u00abLa jueza Pozzer Penzo tiene una absoluta inoperancia\u00bb"},"content":{"rendered":"<p>El titular de la organizaci\u00f3n La Alameda, Gustavo Vera dialog\u00f3 con el programa radial La Otra Campana que se emite los domingos por LT7 Radio Corrientes y LT 25 Radio Guaran\u00ed de Curuz\u00fa Cuati\u00e1. A continuaci\u00f3n, el desarrollo de la amable charla con los periodistas Gustavo Adolfo Ojeda y Facundo Sagardoy<\/p>\n<p>Hablamos antes con Julio Piumato, que tuvo severas cr\u00edticas hacia la jueza Pozzer Penzo por el tratamiento del caso Loan. Queremos escuchar tambi\u00e9n su perspectiva.<br \/>\n-Lamentablemente, el juicio est\u00e1 bastante limitado en cuanto a materia probatoria, porque los \u00fanicos que est\u00e1n son los que participaron del almuerzo y despu\u00e9s los que presuntamente habr\u00edan entorpecido la investigaci\u00f3n. Pero faltan un mont\u00f3n de personas, algo que no se investig\u00f3. Por ejemplo, a todos los funcionarios judiciales que en la primera semana hicieron desastres al no activar la alerta Sof\u00eda, al estar perdiendo tiempo con b\u00fasqueda de paradero, al no proteger y al contaminar la zona cero. Barbaridades que se cometieron en la instrucci\u00f3n de la primera semana de la b\u00fasqueda de Loan que no fueron juzgadas, no fueron nunca analizadas.<\/p>\n<p>Reci\u00e9n ahora el Presidente del Tribunal Oral resolvi\u00f3 citar a Codazzi, que en primera instancia no fue citado jam\u00e1s a pesar de que no solamente perpetr\u00f3 y fue protagonista de una maniobra distractiva. S\u00ed sabemos, y est\u00e1 muy bien que se cite a la diputada Elisa Carri\u00f3, de que a la doctora Carri\u00f3 le dijo que alguien hab\u00eda que quebrar, y esto es lo que la doctora Carri\u00f3 tendr\u00e1 que explicar, digamos, a qu\u00e9 se refer\u00eda. Lo dijo en un reportaje en La Naci\u00f3n+. No se investig\u00f3 esa pista. Tampoco se investig\u00f3 qu\u00e9 pasaba m\u00e1s all\u00e1 de Maciel. Fuera de Maciel, que fue el comisario que particip\u00f3 directamente, tambi\u00e9n hubo fuerzas de la Polic\u00eda que estaban por arriba de Maciel, donde las decisiones que se tomaron no fueron muy eficaces y de acuerdo a lo que establecen los protocolos. Un dato clave: no se investig\u00f3 jam\u00e1s por qu\u00e9 los organismos de minoridad no intervinieron a tiempo, sobre todo la doctora Marini, cuando hab\u00eda detenidos con menores. Algo b\u00e1sico. Lo cierto es que el Intendente de 9 de Julio se contacta con Luciano Dupuy, con el abuelo del ni\u00f1o Dupuy, y le pide, por favor, si conoc\u00eda gente para poder armar una red de contenci\u00f3n, etc\u00e9tera, que despu\u00e9s se la armaron bien, se la armaron mal y salieron a otro costado. Digo, eso no tendr\u00eda que haber sucedido jam\u00e1s. O sea, la escena de los pibes en el hotel no tendr\u00eda que haber sucedido nunca. Sencillamente, los organismos de minoridad tendr\u00edan que haber estado, custodiando a los pibes, haci\u00e9ndose cargo de la situaci\u00f3n y no terceriz\u00e1ndolo en cualquier persona. Por otro lado, el propio Juzgado Federal envi\u00f3 custodia federal al hotel donde estaba esta gente y, aparte, esta gente se reun\u00eda con la jueza (Pozzer Penzo), entonces no entiendo el tipo de entorpecimiento al que se refiere. Yo con la jueza me reun\u00ed no menos de cuatro veces presencialmente. La conoc\u00eda de antes. En su momento fue invitada a una cumbre de juezas en el Vaticano cuando yo trabajaba con la Academia Pontificia y con el Papa Francisco. Varias veces hab\u00eda interactuado con ella en otras causas de trata, en menores, no tan conmocionantes como esta. Incluso hice varias presentaciones por escrito dentro de la causa y, de un d\u00eda para el otro, me convert\u00ed en una especie de presunto encubridor, participante de una asociaci\u00f3n il\u00edcita con falsos testimonios en un proceso que parece el de Kafka, \u00bfno? De muchos testimonios a trav\u00e9s de ya los meses, a\u00f1os.<\/p>\n<p>La Fundaci\u00f3n La Alameda es una organizaci\u00f3n no gubernamental que lucha activamente contra la trata de personas, el trabajo esclavo, la explotaci\u00f3n infantil, el proxenetismo y el narcotr\u00e1fico inclusive.<\/p>\n<p>-Adem\u00e1s, quiero aclarar que la Fundaci\u00f3n La Alameda cre\u00f3 la primera Comisi\u00f3n Especial de Trata en la Ciudad, sac\u00f3 varias leyes y ordenanzas vinculadas al cierre de cabarets y whisker\u00edas, vinculadas a prost\u00edbulos. Particip\u00f3 en un mont\u00f3n de campa\u00f1as que ten\u00edan que ver con la erradicaci\u00f3n del trabajo esclavo en el \u00e1mbito textil y rural. Fui director del Comit\u00e9 Nacional de Lucha contra la Trata durante cuatro a\u00f1os consecutivos, en los cuales tuvimos la mejor puntuaci\u00f3n a nivel internacional, tanto de Naciones Unidas, de la OIM, de la OIT y del Departamento de Estado de los Estados Unidos. Es decir, La Alameda no es simplemente una organizaci\u00f3n que denuncia, es una organizaci\u00f3n que, despu\u00e9s de 25 a\u00f1os de historia, no nos puede venir a acusar de qu\u00e9 hacemos investigando la trata en Corrientes. Investigamos la trata desde Ushuaia hasta La Quiaca, no en Corrientes.<\/p>\n<p>Loan desapareci\u00f3 hace dos a\u00f1os y pensamos que hubo muchos errores y siempre se habl\u00f3 de \u00ab\u00bfcu\u00e1les son las hip\u00f3tesis?\u00bb. \u00bfCu\u00e1l es el escenario hipot\u00e9tico sobre el que trabaja sin descanso La Alameda?<\/p>\n<p>-Hay una desaparici\u00f3n forzada sin ninguna duda; es decir, no una desaparici\u00f3n por un da\u00f1o, sino una desaparici\u00f3n forzada. Cuando hay una desaparici\u00f3n forzada de un menor es muy clara la Corte Interamericana de Derechos Humanos y tambi\u00e9n el protocolo de b\u00fasqueda de personas del Ministerio P\u00fablico Fiscal: hay que considerar la peor de las hip\u00f3tesis. Por lo tanto, es la trata. As\u00ed que est\u00e1 muy bien que contin\u00fae caratulada la hip\u00f3tesis de trata y que no haya sido totalmente descartada, porque eso est\u00e1 en los manuales y en los protocolos. Cuando desaparece un menor en circunstancias totalmente an\u00f3malas, hay que considerar la peor hip\u00f3tesis. Ac\u00e1 se parti\u00f3 de la hip\u00f3tesis m\u00e1s liviana: que se hab\u00eda extraviado, que se hab\u00eda perdido, y no de la hip\u00f3tesis m\u00e1s grave. Porque, si se hubiera partido de la hip\u00f3tesis m\u00e1s grave, se habr\u00eda dictado la alerta Sof\u00eda, se habr\u00eda activado el Sifebu inmediatamente, se habr\u00edan bloqueado todos los accesos, se habr\u00eda cubierto la zona cero y se habr\u00edan realizado todos los allanamientos posibles en tiempo r\u00e9cord. Seguramente, hoy tendr\u00edamos alguna novedad o mucha m\u00e1s informaci\u00f3n que la que tenemos ahora. La investigaci\u00f3n federal comenz\u00f3 nueve d\u00edas despu\u00e9s, cuando ya hab\u00eda sido arruinado todo el escenario de la investigaci\u00f3n. Por lo tanto, la situaci\u00f3n es dif\u00edcil. Lo \u00fanico que puedo decirles es que no les resulta extra\u00f1o que los chicos sean vendidos. De hecho, en muchas provincias hay venta de ni\u00f1os para adopciones fraudulentas y para otros fines menos buc\u00f3licos. Tambi\u00e9n tenemos esa sanci\u00f3n de la Corte Interamericana de Derechos Humanos como pa\u00eds desde el a\u00f1o 2012, porque la Argentina es uno de los pocos pa\u00edses de Latinoam\u00e9rica que no tiene tipificado el delito de compra y venta de beb\u00e9s, ni\u00f1os y adolescentes. No est\u00e1 tipificado. Hoy, cuando se investiga la sustracci\u00f3n de un menor o la desaparici\u00f3n forzada de un menor, se investiga como violaci\u00f3n de la identidad, pero no existe un tipo penal espec\u00edfico para juzgar este delito. Es m\u00e1s, reci\u00e9n se empez\u00f3 a debatir y se obtuvo media sanci\u00f3n durante el caso Loan, una media sanci\u00f3n que finalmente no lleg\u00f3 a ser votada y qued\u00f3 archivada en la C\u00e1mara de Senadores. Por esa \u00e9poca se discut\u00eda justamente el tema de la tipificaci\u00f3n penal. Por lo tanto, en un contexto de vulnerabilidad y de venta de ni\u00f1os, cuando se vende un chico de esa edad, uno duda mucho de que pueda ser para una adopci\u00f3n fraudulenta y est\u00e1 m\u00e1s inclinado a creer que puede tener relaci\u00f3n con fines mucho m\u00e1s inmundos.<\/p>\n<p>Son 17 los imputados, \u00bfse qued\u00f3 corto el Juzgado?<\/p>\n<p>-En cuanto al n\u00famero de imputados, los que tienen que ver con el entorpecimiento me parece que se pasaron de rosca totalmente, porque hay un pecado original que no se investig\u00f3: justamente la intervenci\u00f3n de los organismos estatales de minoridad, que son los que tendr\u00edan que haber hecho la tarea que despu\u00e9s el Intendente trat\u00f3 de hacer, improvisadamente, de manera tercerizada. Por lo tanto, eso nunca tendr\u00eda que haber existido. Sumado al hecho de que Camila y Macarena ya declararon y dijeron que no estaban privadas de la libertad ni nada, con lo cual se est\u00e1 cayendo a pedazos una imputaci\u00f3n contra una cantidad de personas que me parece absolutamente desproporcionada respecto de otras investigaciones que se hicieron. Por ejemplo, \u00bfd\u00f3nde est\u00e1 el Juez de Instrucci\u00f3n? \u00bfD\u00f3nde est\u00e1 el fiscal de Instrucci\u00f3n, que durante la primera semana hicieron desastres totales? \u00bfD\u00f3nde est\u00e1n todos los funcionarios policiales que permitieron la contaminaci\u00f3n del minuto cero y de la zona cero? \u00bfD\u00f3nde est\u00e1n todos los que participaron en el encubrimiento? Ni siquiera est\u00e1n procesados. Todo esto, sin embargo, no deriv\u00f3 en imputaciones ni procesamientos, ni hubo ning\u00fan tipo de citaci\u00f3n testimonial. Claramente, hab\u00eda una intenci\u00f3n de ir solamente por el eslab\u00f3n inicial de la cadena, que era el que participaba del almuerzo, obviamente imputado. Nada m\u00e1s. F\u00edjese que desde que la causa pas\u00f3 al fuero Federal hasta la elevaci\u00f3n a juicio oral, los est\u00edmulos son exactamente los mismos: no ha cambiado absolutamente nada.<\/p>\n<p>El juicio se retoma el martes 28.<\/p>\n<p>-Si usted me dice que todo el progreso del fuero Federal fue haber descubierto a la presunta banda de Dupuy, es un disparate. Esto se utiliz\u00f3 para tratar de justificar la absoluta inoperancia e impotencia de un Juzgado que no va ni para atr\u00e1s ni para adelante, entre otras cosas porque, adem\u00e1s, puertas adentro hay denuncias de abuso, maltrato y todo lo que ya Julio Piumato le habr\u00e1 explicado, raz\u00f3n por la cual se le aplica el art\u00edculo 20, que implica una indagatoria en el Consejo de la Magistratura, ante la cual tiene que comparecer el pr\u00f3ximo 26 de agosto.<\/p>\n<p>\u00bfCu\u00e1les son sus expectativas?<\/p>\n<p>-Creo que a la verdad vamos a llegar m\u00e1s temprano que tarde. Comparo este juicio con otros juicios similares, donde tambi\u00e9n hubo mucha corrupci\u00f3n y mucha complicidad de sectores del poder. Me acuerdo del caso de Mar\u00eda Soledad Morales y me acuerdo del caso de Marita Ver\u00f3n. Si vos observ\u00e1s esos casos, vas a ver que hubo juicios orales que se desarrollaron en dos y hasta tres etapas, y hubo cuestiones que estallaron tarde, pero finalmente estallaron; cuestiones que al principio se pretend\u00edan tapar u ocultar. Es un poco lo que est\u00e1 ocurriendo con esta primera fase del juicio oral, que lleg\u00f3 ama\u00f1ada, con una cantidad insuficiente de testigos y con personas que no fueron convocadas, pese a que evidentemente ten\u00edan alguna explicaci\u00f3n que aportar. Creo que fue una decisi\u00f3n correcta la de la C\u00e1mara de Casaci\u00f3n de nombrar a un juez de Formosa o de R\u00edo Negro, y no integrar todo el tribunal con magistrados correntinos. Esa decisi\u00f3n me pareci\u00f3 acertada y, adem\u00e1s, tuvo resultados concretos inmediatos, porque abri\u00f3 el panorama en relaci\u00f3n, por lo menos, con la pista del encubrimiento. Est\u00e1 citado Codazzi y est\u00e1 citada Carri\u00f3. Tambi\u00e9n est\u00e1 citado el periodista Pablo Pozzoni. Los tres van a aportar informaci\u00f3n respecto de cuestiones vinculadas con el encubrimiento y podr\u00edan arribar a algunas de las hip\u00f3tesis que se plantean sobre los \u00abperejiles\u00bb que est\u00e1n presos. Cuando hablo de \u00abperejiles\u00bb, me refiero concretamente a lo que se denomina la \u00abbanda del hotel\u00bb, cuyos integrantes pueden haber cometido alguno que otro error, pero no estamos hablando del hecho principal. Adem\u00e1s, de lo que se tiene que ocupar este tribunal es de saber d\u00f3nde est\u00e1 Loan y qu\u00e9 pas\u00f3 con Loan.<\/p>\n<p>Hablaba de siete de los 17 imputados, a quienes llam\u00f3 \u00abperejiles en el banquillo\u00bb: siete de los 17.<\/p>\n<p>-Estaban presentes el d\u00eda del almuerzo y, obviamente, est\u00e1n todos bien presos, al igual que el comisario Maciel. Pero todos los otros, lo que se denomina la \u00abbanda del hotel\u00bb, la verdad es que me parece que la car\u00e1tula resulta un poco desproporcionada.<\/p>\n","protected":false},"excerpt":{"rendered":"<p>El titular de la organizaci\u00f3n La Alameda, Gustavo Vera dialog\u00f3 con el programa radial La Otra Campana que se emite los domingos por LT7 Radio Corrientes y LT 25 Radio Guaran\u00ed de Curuz\u00fa Cuati\u00e1. A continuaci\u00f3n, el desarrollo de la amable charla con los periodistas Gustavo Adolfo Ojeda y Facundo Sagardoy Hablamos antes con Julio [&hellip;]<\/p>\n","protected":false},"author":2,"featured_media":10294,"comment_status":"open","ping_status":"open","sticky":false,"template":"","format":"standard","meta":{"footnotes":""},"categories":[81],"tags":[],"class_list":["post-10293","post","type-post","status-publish","format-standard","has-post-thumbnail","category-politica"],"_links":{"self":[{"href":"https:\/\/radiokissnoticias.com.ar\/web\/wp-json\/wp\/v2\/posts\/10293","targetHints":{"allow":["GET"]}}],"collection":[{"href":"https:\/\/radiokissnoticias.com.ar\/web\/wp-json\/wp\/v2\/posts"}],"about":[{"href":"https:\/\/radiokissnoticias.com.ar\/web\/wp-json\/wp\/v2\/types\/post"}],"author":[{"embeddable":true,"href":"https:\/\/radiokissnoticias.com.ar\/web\/wp-json\/wp\/v2\/users\/2"}],"replies":[{"embeddable":true,"href":"https:\/\/radiokissnoticias.com.ar\/web\/wp-json\/wp\/v2\/comments?post=10293"}],"version-history":[{"count":1,"href":"https:\/\/radiokissnoticias.com.ar\/web\/wp-json\/wp\/v2\/posts\/10293\/revisions"}],"predecessor-version":[{"id":10295,"href":"https:\/\/radiokissnoticias.com.ar\/web\/wp-json\/wp\/v2\/posts\/10293\/revisions\/10295"}],"wp:featuredmedia":[{"embeddable":true,"href":"https:\/\/radiokissnoticias.com.ar\/web\/wp-json\/wp\/v2\/media\/10294"}],"wp:attachment":[{"href":"https:\/\/radiokissnoticias.com.ar\/web\/wp-json\/wp\/v2\/media?parent=10293"}],"wp:term":[{"taxonomy":"category","embeddable":true,"href":"https:\/\/radiokissnoticias.com.ar\/web\/wp-json\/wp\/v2\/categories?post=10293"},{"taxonomy":"post_tag","embeddable":true,"href":"https:\/\/radiokissnoticias.com.ar\/web\/wp-json\/wp\/v2\/tags?post=10293"}],"curies":[{"name":"wp","href":"https:\/\/api.w.org\/{rel}","templated":true}]}}