{"id":10287,"date":"2026-07-23T16:26:21","date_gmt":"2026-07-23T19:26:21","guid":{"rendered":"https:\/\/radiokissnoticias.com.ar\/web\/?p=10287"},"modified":"2026-07-23T16:26:21","modified_gmt":"2026-07-23T19:26:21","slug":"26-familias-regresaron-a-sus-hogares-en-perugorria","status":"publish","type":"post","link":"https:\/\/radiokissnoticias.com.ar\/web\/2026\/07\/23\/26-familias-regresaron-a-sus-hogares-en-perugorria\/","title":{"rendered":"26 familias regresaron a sus hogares en Perugorr\u00eda"},"content":{"rendered":"<p>Tras la baja de su nivel de agua del Arroyo \u00c1valos, 26 familias afectadas por las inundaciones en el paraje Amara Picada, pudieron retornar a sus casas.<\/p>\n<div>Las 26 familias afectadas por la crecida del arroyo \u00c1valos en Perugorr\u00eda ya regresaron a sus casas luego de que el nivel del agua descendiera durante la tarde de este mi\u00e9rcoles. As\u00ed lo confirmaron a El Litoral desde Defensa Civil de la provincia de Corrientes. El escurrimiento del agua permiti\u00f3 el retorno de los vecinos afectados en el paraje Amara Picada, tras las intensas lluvias registradas en la zona.<\/div>\n<div><\/div>\n<div>Bruno Lovinson, Director de Defensa Civil se\u00f1al\u00f3: \u201cHace un rato nos comunicaron que la gente de Perugorr\u00eda afectada por el arroyo \u00c1valos ya volvi\u00f3 a su casa\u201d.<\/div>\n<div><\/div>\n<div>El funcionario agreg\u00f3 que \u201cel arroyo baj\u00f3 entonces las familias ya pudieron regresar esta tarde\u201d, luego de varias horas de asistencia y seguimiento de la situaci\u00f3n por parte de los organismos provinciales y municipales.<\/div>\n<div><\/div>\n<div><b>Correntinos afectados<\/b><\/div>\n<div><b>\u00a0<\/b><\/div>\n<div>La emergencia se hab\u00eda desencadenado durante las \u00faltimas horas a ra\u00edz de las abundantes precipitaciones registradas en la cuenca del arroyo. La crecida afect\u00f3 especialmente al paraje Amara Picada, ubicado en jurisdicci\u00f3n de Perugorr\u00eda, y tambi\u00e9n gener\u00f3 complicaciones sobre la Ruta Provincial N\u00ba 30.<\/div>\n<div><\/div>\n<div>En un primer balance, Defensa Civil hab\u00eda informado que hab\u00eda cuatro familias autoevacuadas y 22 familias asistidas por el municipio, lo que elev\u00f3 a 26 el total de hogares alcanzados por la emergencia h\u00eddrica.<\/div>\n<div><\/div>\n<div>Seg\u00fan explic\u00f3 Lovinson a este medio, la r\u00e1pida suba del arroyo estuvo directamente vinculada con las lluvias intensas registradas en localidades cercanas. En Curuz\u00fa Cuati\u00e1 se acumularon alrededor de 150 mil\u00edmetros en pocas horas, un volumen de agua que escurri\u00f3 hacia el cauce del \u00c1valos y provoc\u00f3 un aumento repentino de su nivel.<\/div>\n<div><\/div>\n<div>Durante la jornada trabajaron de manera conjunta equipos de la provincia y de la municipalidad de Perugorr\u00eda, con tareas de asistencia, acompa\u00f1amiento y monitoreo para resguardar la seguridad de los vecinos y atender las necesidades m\u00e1s urgentes.<\/div>\n<div><\/div>\n<div>Con el descenso del nivel del arroyo, las familias afectadas pudieron finalmente regresar a sus hogares y comenz\u00f3 la etapa de evaluaci\u00f3n de las condiciones de las viviendas y de las zonas anegadas.<\/div>\n","protected":false},"excerpt":{"rendered":"<p>Tras la baja de su nivel de agua del Arroyo \u00c1valos, 26 familias afectadas por las inundaciones en el paraje Amara Picada, pudieron retornar a sus casas. Las 26 familias afectadas por la crecida del arroyo \u00c1valos en Perugorr\u00eda ya regresaron a sus casas luego de que el nivel del agua descendiera durante la tarde [&hellip;]<\/p>\n","protected":false},"author":2,"featured_media":10288,"comment_status":"open","ping_status":"open","sticky":false,"template":"","format":"standard","meta":{"footnotes":""},"categories":[79],"tags":[],"class_list":["post-10287","post","type-post","status-publish","format-standard","has-post-thumbnail","category-provincia"],"_links":{"self":[{"href":"https:\/\/radiokissnoticias.com.ar\/web\/wp-json\/wp\/v2\/posts\/10287","targetHints":{"allow":["GET"]}}],"collection":[{"href":"https:\/\/radiokissnoticias.com.ar\/web\/wp-json\/wp\/v2\/posts"}],"about":[{"href":"https:\/\/radiokissnoticias.com.ar\/web\/wp-json\/wp\/v2\/types\/post"}],"author":[{"embeddable":true,"href":"https:\/\/radiokissnoticias.com.ar\/web\/wp-json\/wp\/v2\/users\/2"}],"replies":[{"embeddable":true,"href":"https:\/\/radiokissnoticias.com.ar\/web\/wp-json\/wp\/v2\/comments?post=10287"}],"version-history":[{"count":1,"href":"https:\/\/radiokissnoticias.com.ar\/web\/wp-json\/wp\/v2\/posts\/10287\/revisions"}],"predecessor-version":[{"id":10289,"href":"https:\/\/radiokissnoticias.com.ar\/web\/wp-json\/wp\/v2\/posts\/10287\/revisions\/10289"}],"wp:featuredmedia":[{"embeddable":true,"href":"https:\/\/radiokissnoticias.com.ar\/web\/wp-json\/wp\/v2\/media\/10288"}],"wp:attachment":[{"href":"https:\/\/radiokissnoticias.com.ar\/web\/wp-json\/wp\/v2\/media?parent=10287"}],"wp:term":[{"taxonomy":"category","embeddable":true,"href":"https:\/\/radiokissnoticias.com.ar\/web\/wp-json\/wp\/v2\/categories?post=10287"},{"taxonomy":"post_tag","embeddable":true,"href":"https:\/\/radiokissnoticias.com.ar\/web\/wp-json\/wp\/v2\/tags?post=10287"}],"curies":[{"name":"wp","href":"https:\/\/api.w.org\/{rel}","templated":true}]}}