{"id":10284,"date":"2026-07-22T22:43:39","date_gmt":"2026-07-23T01:43:39","guid":{"rendered":"https:\/\/radiokissnoticias.com.ar\/web\/?p=10284"},"modified":"2026-07-22T22:43:39","modified_gmt":"2026-07-23T01:43:39","slug":"abrieron-la-inscripcion-para-taller-de-anfitriones-turisticos","status":"publish","type":"post","link":"https:\/\/radiokissnoticias.com.ar\/web\/2026\/07\/22\/abrieron-la-inscripcion-para-taller-de-anfitriones-turisticos\/","title":{"rendered":"Abrieron la inscripci\u00f3n para taller de anfitriones tur\u00edsticos"},"content":{"rendered":"<p>La Secretar\u00eda de Turismo de Goya invita a participar del &#8220;Taller de Anfitriones Tur\u00edsticos&#8221;, una capacitaci\u00f3n destinada a operadores del sector tur\u00edstico, gastron\u00f3micos, gu\u00edas, emprendedores, alojamientos y artesanos, con el objetivo de brindar herramientas para potenciar la prestaci\u00f3n de los distintos servicios en materia tur\u00edstica.<\/p>\n<p>El espacio de formaci\u00f3n como anfitriones tur\u00edsticos, se realizar\u00e1 el pr\u00f3ximo martes 4 de agosto, desde las 15 horas, en el lugar denominado Puerto Interior Goya<\/p>\n<p>Direcci\u00f3n de Prensa-Municipalidad de Goya<\/p>\n","protected":false},"excerpt":{"rendered":"<p>La Secretar\u00eda de Turismo de Goya invita a participar del &#8220;Taller de Anfitriones Tur\u00edsticos&#8221;, una capacitaci\u00f3n destinada a operadores del sector tur\u00edstico, gastron\u00f3micos, gu\u00edas, emprendedores, alojamientos y artesanos, con el objetivo de brindar herramientas para potenciar la prestaci\u00f3n de los distintos servicios en materia tur\u00edstica. El espacio de formaci\u00f3n como anfitriones tur\u00edsticos, se realizar\u00e1 el [&hellip;]<\/p>\n","protected":false},"author":2,"featured_media":10285,"comment_status":"open","ping_status":"open","sticky":false,"template":"","format":"standard","meta":{"footnotes":""},"categories":[77],"tags":[],"class_list":["post-10284","post","type-post","status-publish","format-standard","has-post-thumbnail","category-local"],"_links":{"self":[{"href":"https:\/\/radiokissnoticias.com.ar\/web\/wp-json\/wp\/v2\/posts\/10284","targetHints":{"allow":["GET"]}}],"collection":[{"href":"https:\/\/radiokissnoticias.com.ar\/web\/wp-json\/wp\/v2\/posts"}],"about":[{"href":"https:\/\/radiokissnoticias.com.ar\/web\/wp-json\/wp\/v2\/types\/post"}],"author":[{"embeddable":true,"href":"https:\/\/radiokissnoticias.com.ar\/web\/wp-json\/wp\/v2\/users\/2"}],"replies":[{"embeddable":true,"href":"https:\/\/radiokissnoticias.com.ar\/web\/wp-json\/wp\/v2\/comments?post=10284"}],"version-history":[{"count":1,"href":"https:\/\/radiokissnoticias.com.ar\/web\/wp-json\/wp\/v2\/posts\/10284\/revisions"}],"predecessor-version":[{"id":10286,"href":"https:\/\/radiokissnoticias.com.ar\/web\/wp-json\/wp\/v2\/posts\/10284\/revisions\/10286"}],"wp:featuredmedia":[{"embeddable":true,"href":"https:\/\/radiokissnoticias.com.ar\/web\/wp-json\/wp\/v2\/media\/10285"}],"wp:attachment":[{"href":"https:\/\/radiokissnoticias.com.ar\/web\/wp-json\/wp\/v2\/media?parent=10284"}],"wp:term":[{"taxonomy":"category","embeddable":true,"href":"https:\/\/radiokissnoticias.com.ar\/web\/wp-json\/wp\/v2\/categories?post=10284"},{"taxonomy":"post_tag","embeddable":true,"href":"https:\/\/radiokissnoticias.com.ar\/web\/wp-json\/wp\/v2\/tags?post=10284"}],"curies":[{"name":"wp","href":"https:\/\/api.w.org\/{rel}","templated":true}]}}