{"id":10274,"date":"2026-07-22T22:37:00","date_gmt":"2026-07-23T01:37:00","guid":{"rendered":"https:\/\/radiokissnoticias.com.ar\/web\/?p=10274"},"modified":"2026-07-22T22:37:00","modified_gmt":"2026-07-23T01:37:00","slug":"retoman-la-protesta-en-las-calles-marcharon-los-jubilados-con-apoyo-de-la-cgt-y-los-movimientos-sociales","status":"publish","type":"post","link":"https:\/\/radiokissnoticias.com.ar\/web\/2026\/07\/22\/retoman-la-protesta-en-las-calles-marcharon-los-jubilados-con-apoyo-de-la-cgt-y-los-movimientos-sociales\/","title":{"rendered":"Retoman la protesta en las calles: marcharon los jubilados con apoyo de la CGT y los movimientos sociales"},"content":{"rendered":"<p>Los manifestantes calificaron de \u201cmiseria\u201d los haberes del sector; se sumaron los sindicatos y grupos piqueteros, que reclamaron por un plan social; hay otras movilizaciones en ciernes.<\/p>\n<p>Una vez terminado el mundial, la agenda de la oposici\u00f3n en las calles se reinici\u00f3 este mi\u00e9rcoles con una protesta de los jubilados contra el Gobierno, que la CGT acompa\u00f1\u00f3 como parte de un plan de acciones sectorizadas. En la protesta confluyeron las dos vertientes de la CTA, la Uni\u00f3n de Trabajadores de la Econom\u00eda Popular (UTEP), los estatales porte\u00f1os de ATE, agrupaciones de izquierda y emisarios del gobernador Axel Kicillof.<\/p>\n<p>El eje principal de la movilizaci\u00f3n fue el reclamo por una mejora en los haberes de los adultos mayores. Desde julio, el haber m\u00ednimo pas\u00f3 de $403.302,81 a $411.989 por la actualizaci\u00f3n mensual. Con el bono extraordinario de $70.000 \u2014que permanece congelado desde el inicio de la gesti\u00f3n libertaria\u2014, el ingreso m\u00ednimo alcanza los $481.989, un monto que fue calificado como una \u201cmiseria\u201d durante la protesta.<\/p>\n<p>La demostraci\u00f3n no fue masiva, pero implic\u00f3 el regreso de sectores opositores al gobierno de Javier Milei a la escena p\u00fablica. A partir de ahora, estos grupos podr\u00edan intensificar las protestas, anticiparon los dirigentes consultados por LA NACION en el lugar. Uno de los que apareci\u00f3 en esa sinton\u00eda fue Pablo Moyano, secretario adjunto de Camioneros.<\/p>\n<p>Entre los dirigentes que dieron el presente estuvieron los triunviros cegetistas Jorge Sola (Seguros), Octavio Arg\u00fcello (Camioneros) y Cristian Jer\u00f3nimo (Empleados del Vidrio); Juan Carlos Schmid (CATT); Julio Piumato y Maia Volcovinsky (Judiciales); el diputado Hugo Yasky (CTA de los Trabajadores); Hugo Godoy (CTA Aut\u00f3noma), Alejandro Gramajo (UTEP); el tambi\u00e9n diputado Mario Manrique (SMATA) y Roberto Baradel (CTA bonaerense).<\/p>\n<p>Adem\u00e1s, fue de la partida Daniel Catalano (ATE Capital). En representaci\u00f3n del gobierno bonaerense y del sello axelista Movimiento Derecho al Futuro (MDF) se mostr\u00f3 Walter Correa, el ministro de Trabajo de la provincia.<\/p>\n<p>\u201cNos sumamos a la convocatoria de todos los mi\u00e9rcoles de los trabajadores jubilados porque es una bandera que llevamos siempre, es una necesidad que est\u00e1n reclamando desde hace tiempo y forma parte de nuestra agenda\u201d, dijo Sola, quien exigi\u00f3 \u201cno solamente recuperar su poder adquisitivo a trav\u00e9s de de los haberes jubilatorios, sino tambi\u00e9n las prestaciones en el PAMI, y tambi\u00e9n la recuperaci\u00f3n de los planes Volver al Trabajo, del que depend\u00edan m\u00e1s de 900 mil personas\u201d.<\/p>\n<p>Adem\u00e1s, anticip\u00f3 que \u201cla CGT continuar\u00e1 acompa\u00f1ando los conflictos sociales\u201d y confirm\u00f3 la participaci\u00f3n de la central obrera en la marcha de San Cayetano organizada por los movimientos sociales todos los 7 de agosto, la cual \u2014todo indica\u2014 concluir\u00e1 con un acto en Plaza de Mayo. Tambi\u00e9n adelant\u00f3 que impulsar\u00e1n \u201cuna movilizaci\u00f3n al Ministerio de Econom\u00eda por el endeudamiento de las familias trabajadoras\u201d y que proyectan una \u201cgran marcha federal\u201d en los pr\u00f3ximos meses.<\/p>\n<p>Sola defini\u00f3 como \u201cdistante y esquiva\u201d la relaci\u00f3n de la CGT con el Gobierno y acus\u00f3 al oficialismo de \u201cconsiderar al sindicalismo como un adversario pol\u00edtico antes que como representante de los trabajadores\u201d, pese al reciente decreto en el cual la Casa Rosada introdujo modificaciones en la reglamentaci\u00f3n de la Ley de Modernizaci\u00f3n Laboral y flexibiliz\u00f3 el esquema de aportes destinados a los sindicatos.<\/p>\n<p>El co-secretario de la CGT dijo que en la actual gesti\u00f3n \u201cse perdieron m\u00e1s de 300.000 puestos de trabajo y cerraron m\u00e1s de 23.000 pymes\u201d, como consecuencia de un rumbo que \u2014seg\u00fan afirm\u00f3\u2014 \u201cabandon\u00f3 la producci\u00f3n y el desarrollo industrial\u201d. Describi\u00f3 la situaci\u00f3n social como \u201cgrave\u201d por \u201cel avance de la informalidad laboral\u201d, \u201cel deterioro del sistema de salud\u201d y \u201cla p\u00e9rdida del poder adquisitivo incluso entre los trabajadores con paritarias\u201d, lo que \u2014asegur\u00f3\u2014 \u201calimenta un creciente malestar social\u201d.<\/p>\n<p>La marcha de los jubilados de los mi\u00e9rcoles supo ser un escenario de tensi\u00f3n en diversas oportunidades entre el oficialismo y la oposici\u00f3n en las calles a comienzos de la gesti\u00f3n libertaria. Nacida hace a\u00f1os por iniciativa de un grupo de jubilados vinculados a espacios de izquierda, en el \u00faltimo tiempo hab\u00eda perdido capacidad de convocatoria y quedado reducida a expresiones minoritarias. Si bien las columnas sindicales hoy presentes no fueron masivas, ampliaron considerablemente el volumen, as\u00ed como tambi\u00e9n llevaron a que distintos sectores opositores volvieran a compartir una misma postal.<\/p>\n<p>En un Congreso que nuevamente luci\u00f3 totalmente vallado a su alrededor, la CGT se concentr\u00f3 sobre avenida Rivadavia a la altura del Cine Gaumont con una pancarta al frente con la frase \u201cla seguridad social es un derecho, no un privilegio\u201d y encabez\u00f3 desde all\u00ed la tradicional vuelta a la plaza, un trayecto en el cual no hubo discursos ni se leyeron documentos.<\/p>\n<p>Una vez que se retiraron, marcharon detr\u00e1s las columnas del Polo Obrero, Partido Obrero, MST y SUTNA, que montaron un acto lleno de discursos contra el gobierno de Milei, en los cuales exigieron \u201cir a una huelga general\u201d y que \u201cla CGT y la CTA dejen de dormir la siesta porque se vienen m\u00e1s reformas\u201d. Entre los dirigentes y legisladores estuvieron Myriam Bregaman, Cristian Castillo, Vilma Ripoll, Nicol\u00e1s del Ca\u00f1o, N\u00e9stor Pitrola, Gabriel Solano y Celeste Fierro.<\/p>\n<p>En paralelo, la jornada de protesta reuni\u00f3 durante su desarrollo a agrupaciones de clubes de f\u00fatbol, diversas banderas celeste y blanco, y hubo reivindicaciones a la causa Malvinas, con r\u00e9plicas a la s\u00e1bana con la leyenda \u201cson argentinas\u201d que los jugadores del seleccionado nacional desplegaron tras la ag\u00f3nica victoria en la semifinal contra Inglaterra por el Mundial.<\/p>\n<p>Incidentes<\/p>\n<p>La jornada hab\u00eda comenzado con otras protestas impulsadas por organizaciones sociales y piqueteras en distintos puntos del pa\u00eds. Una de ellas deriv\u00f3 en incidentes con las fuerzas de seguridad, principalmente en el Puente Pueyrred\u00f3n, cuando las columnas de la UTEP y el Polo Obrero intentaban avanzar hacia la ciudad de Buenos Aires para luego sumarse a la marcha de los jubilados frente al Congreso.<\/p>\n<p>El conflicto se origin\u00f3 por la decisi\u00f3n del Gobierno de eliminar definitivamente el programa Volver al Trabajo (ex Potenciar Trabajo), que asist\u00eda a alrededor de 900 mil beneficiarios con un ingreso mensual de $78.000, y reemplazarlo por un sistema de vouchers de capacitaci\u00f3n.<\/p>\n<p>La medida, apoyada en se\u00f1alamientos de irregularidades y falta de efectividad, fue impulsada por el Ministerio de Desarrollo Humano, conducido por Sandra Pettovello, y qued\u00f3 firme tras un fallo de la C\u00e1mara Federal de San Mart\u00edn que revoc\u00f3 una cautelar favorable a las organizaciones sociales. Ahora, seg\u00fan indicaron desde la UTEP, \u201cla decisi\u00f3n final la tendr\u00e1 la Corte Suprema\u201d.<\/p>\n","protected":false},"excerpt":{"rendered":"<p>Los manifestantes calificaron de \u201cmiseria\u201d los haberes del sector; se sumaron los sindicatos y grupos piqueteros, que reclamaron por un plan social; hay otras movilizaciones en ciernes. Una vez terminado el mundial, la agenda de la oposici\u00f3n en las calles se reinici\u00f3 este mi\u00e9rcoles con una protesta de los jubilados contra el Gobierno, que la [&hellip;]<\/p>\n","protected":false},"author":2,"featured_media":10275,"comment_status":"open","ping_status":"open","sticky":false,"template":"","format":"standard","meta":{"footnotes":""},"categories":[78],"tags":[],"class_list":["post-10274","post","type-post","status-publish","format-standard","has-post-thumbnail","category-nacional"],"_links":{"self":[{"href":"https:\/\/radiokissnoticias.com.ar\/web\/wp-json\/wp\/v2\/posts\/10274","targetHints":{"allow":["GET"]}}],"collection":[{"href":"https:\/\/radiokissnoticias.com.ar\/web\/wp-json\/wp\/v2\/posts"}],"about":[{"href":"https:\/\/radiokissnoticias.com.ar\/web\/wp-json\/wp\/v2\/types\/post"}],"author":[{"embeddable":true,"href":"https:\/\/radiokissnoticias.com.ar\/web\/wp-json\/wp\/v2\/users\/2"}],"replies":[{"embeddable":true,"href":"https:\/\/radiokissnoticias.com.ar\/web\/wp-json\/wp\/v2\/comments?post=10274"}],"version-history":[{"count":1,"href":"https:\/\/radiokissnoticias.com.ar\/web\/wp-json\/wp\/v2\/posts\/10274\/revisions"}],"predecessor-version":[{"id":10276,"href":"https:\/\/radiokissnoticias.com.ar\/web\/wp-json\/wp\/v2\/posts\/10274\/revisions\/10276"}],"wp:featuredmedia":[{"embeddable":true,"href":"https:\/\/radiokissnoticias.com.ar\/web\/wp-json\/wp\/v2\/media\/10275"}],"wp:attachment":[{"href":"https:\/\/radiokissnoticias.com.ar\/web\/wp-json\/wp\/v2\/media?parent=10274"}],"wp:term":[{"taxonomy":"category","embeddable":true,"href":"https:\/\/radiokissnoticias.com.ar\/web\/wp-json\/wp\/v2\/categories?post=10274"},{"taxonomy":"post_tag","embeddable":true,"href":"https:\/\/radiokissnoticias.com.ar\/web\/wp-json\/wp\/v2\/tags?post=10274"}],"curies":[{"name":"wp","href":"https:\/\/api.w.org\/{rel}","templated":true}]}}