{"id":10251,"date":"2026-07-22T19:50:40","date_gmt":"2026-07-22T22:50:40","guid":{"rendered":"https:\/\/radiokissnoticias.com.ar\/web\/?p=10251"},"modified":"2026-07-22T19:50:40","modified_gmt":"2026-07-22T22:50:40","slug":"el-priar-esquina-secuestro-450-kilos-de-carne-clandestina-tras-persecucion-en-ruta","status":"publish","type":"post","link":"https:\/\/radiokissnoticias.com.ar\/web\/2026\/07\/22\/el-priar-esquina-secuestro-450-kilos-de-carne-clandestina-tras-persecucion-en-ruta\/","title":{"rendered":"El PRIAR Esquina secuestr\u00f3 450 kilos de carne clandestina tras persecuci\u00f3n en ruta"},"content":{"rendered":"<p>La Unidad Especial de Seguridad Rural y Ecol\u00f3gica de Esquina intercept\u00f3 el martes un cargamento de 450 kilos de carne vacuna que era transportado de forma totalmente irregular. El procedimiento termin\u00f3 con el decomiso de la mercader\u00eda, tambi\u00e9n con el secuestro de una camioneta de alta gama y la detenci\u00f3n de dos hombres.<\/p>\n<p>La secuencia se inici\u00f3 sobre la Ruta Nacional 12, cuando una patrulla policial detect\u00f3 el paso de una Volkswagen Amarok gris que circulaba a gran velocidad con sentido a la ciudad de Esquina. Ante la actitud sospechosa, los efectivos iniciaron un seguimiento que finaliz\u00f3 con la interceptaci\u00f3n del veh\u00edculo sobre la Ruta Provincial 59.<\/p>\n<p>Al momento del control, el conductor mostr\u00f3 un marcado estado de nerviosismo que alert\u00f3 a los uniformados. Al inspeccionar la caja del veh\u00edculo, la cual estaba cubierta con una lona negra, los agentes se encontraron con numerosos cortes de carne vacuna apilados sin cadena de fr\u00edo, sin ning\u00fan tipo de documentaci\u00f3n que acreditara su origen y en condiciones sanitarias deplorables.<\/p>\n<p>Ante la flagrancia del hecho, tom\u00f3 intervenci\u00f3n el fiscal de turno, el Luciano Bord\u00f3n, quien se present\u00f3 en el lugar y orden\u00f3 el inicio de actuaciones judiciales bajo la presunta infracci\u00f3n al art\u00edculo 206 del C\u00f3digo Penal Argentino, que vela por la salud p\u00fablica.<\/p>\n<p>Los peritajes sobre la carne incautada estuvieron a cargo de la perito Andrea G\u00f3mez y el m\u00e9dico veterinario Esteban Federico Rubinich. Tras confirmar que el producto representaba un riesgo para el consumo humano, la justicia dispuso su desnaturalizaci\u00f3n e incineraci\u00f3n en la sede de la Unidad Especial.<\/p>\n<p>Los involucrados en el transporte ilegal fueron identificados como R. M. (40 a\u00f1os) y D. F. (32 a\u00f1os). Ambos permanecen alojados en la Comisar\u00eda Segunda de Esquina a disposici\u00f3n de las autoridades judiciales.<\/p>\n","protected":false},"excerpt":{"rendered":"<p>La Unidad Especial de Seguridad Rural y Ecol\u00f3gica de Esquina intercept\u00f3 el martes un cargamento de 450 kilos de carne vacuna que era transportado de forma totalmente irregular. El procedimiento termin\u00f3 con el decomiso de la mercader\u00eda, tambi\u00e9n con el secuestro de una camioneta de alta gama y la detenci\u00f3n de dos hombres. La secuencia [&hellip;]<\/p>\n","protected":false},"author":2,"featured_media":10252,"comment_status":"open","ping_status":"open","sticky":false,"template":"","format":"standard","meta":{"footnotes":""},"categories":[82],"tags":[],"class_list":["post-10251","post","type-post","status-publish","format-standard","has-post-thumbnail","category-policiales"],"_links":{"self":[{"href":"https:\/\/radiokissnoticias.com.ar\/web\/wp-json\/wp\/v2\/posts\/10251","targetHints":{"allow":["GET"]}}],"collection":[{"href":"https:\/\/radiokissnoticias.com.ar\/web\/wp-json\/wp\/v2\/posts"}],"about":[{"href":"https:\/\/radiokissnoticias.com.ar\/web\/wp-json\/wp\/v2\/types\/post"}],"author":[{"embeddable":true,"href":"https:\/\/radiokissnoticias.com.ar\/web\/wp-json\/wp\/v2\/users\/2"}],"replies":[{"embeddable":true,"href":"https:\/\/radiokissnoticias.com.ar\/web\/wp-json\/wp\/v2\/comments?post=10251"}],"version-history":[{"count":2,"href":"https:\/\/radiokissnoticias.com.ar\/web\/wp-json\/wp\/v2\/posts\/10251\/revisions"}],"predecessor-version":[{"id":10254,"href":"https:\/\/radiokissnoticias.com.ar\/web\/wp-json\/wp\/v2\/posts\/10251\/revisions\/10254"}],"wp:featuredmedia":[{"embeddable":true,"href":"https:\/\/radiokissnoticias.com.ar\/web\/wp-json\/wp\/v2\/media\/10252"}],"wp:attachment":[{"href":"https:\/\/radiokissnoticias.com.ar\/web\/wp-json\/wp\/v2\/media?parent=10251"}],"wp:term":[{"taxonomy":"category","embeddable":true,"href":"https:\/\/radiokissnoticias.com.ar\/web\/wp-json\/wp\/v2\/categories?post=10251"},{"taxonomy":"post_tag","embeddable":true,"href":"https:\/\/radiokissnoticias.com.ar\/web\/wp-json\/wp\/v2\/tags?post=10251"}],"curies":[{"name":"wp","href":"https:\/\/api.w.org\/{rel}","templated":true}]}}