{"id":10225,"date":"2026-07-22T11:53:25","date_gmt":"2026-07-22T14:53:25","guid":{"rendered":"https:\/\/radiokissnoticias.com.ar\/web\/?p=10225"},"modified":"2026-07-22T11:53:25","modified_gmt":"2026-07-22T14:53:25","slug":"convierten-en-reserva-biprovincial-un-espacio-natural-de-mocoreta-con-gran-potencial-turistico","status":"publish","type":"post","link":"https:\/\/radiokissnoticias.com.ar\/web\/2026\/07\/22\/convierten-en-reserva-biprovincial-un-espacio-natural-de-mocoreta-con-gran-potencial-turistico\/","title":{"rendered":"Convierten en reserva biprovincial un espacio natural de Mocoret\u00e1 con gran potencial tur\u00edstico"},"content":{"rendered":"<p>La medida, concretada tras m\u00e1s de 15 a\u00f1os de gestiones, involucra a Corrientes y Entre R\u00edos. Se impulsar\u00e1 el cuidado del lugar y se ampliar\u00e1 la oferta para recibir visitantes.<\/p>\n<p>La directora de Cultura y Turismo de Mocoret\u00e1, Cristina Azcu\u00e9, inform\u00f3 en declaraciones radiales sobre el avance de la iniciativa y se\u00f1al\u00f3 que esta experiencia sirve como ejemplo para demostrar que proyectos similares, como la reserva del Ysoro en Goya, cuentan con gran potencial y pueden fructificar con el trabajo conjunto y el tiempo.<\/p>\n<p>&#8220;Se trabaja en la formaci\u00f3n, capacitaci\u00f3n junto al Ministerio de Turismo de la provincia para convertir a la comunidad en verdaderos anfitriones y generar recursos a trav\u00e9s de la oferta tur\u00edstica&#8221; Afirm\u00f3 la funcionaria municipal.<\/p>\n<p>RESERVA BIPROVINCIAL<\/p>\n<p>La funcionaria de la Municipalidad de Mocoret\u00e1, explic\u00f3 que se trata de la Reserva Biprovincial Mocoret\u00e1, ubicada a dos kil\u00f3metros de la ciudad. &#8220;Recientemente se firm\u00f3 el convenio con la Comisi\u00f3n T\u00e9cnica Mixta de Salto Grande&#8221;. Del lado correntino hay unas 93 hect\u00e1reas que, seg\u00fan se\u00f1al\u00f3, constituyen la zona m\u00e1s accesible y atractiva, con un camping sobre la laguna que conecta con el r\u00edo Mocoret\u00e1 \u2014&#8221;un privilegio que no existe en la otra orilla\u2014 y atardeceres muy bellos&#8221;.<\/p>\n<p>&#8220;El lugar cuenta con seis ambientes naturales diferentes, -mencion\u00f3 la directora de cultura y turismo- con gran diversidad de flora y fauna, y la idea es trabajar en conjunto con Parques y Reservas de ambas provincias para potenciar el atractivo bajo pautas de cuidado y uso responsable.&#8221;<\/p>\n<p>Azcu\u00e9 destac\u00f3 que el logro lleva m\u00e1s de 15 a\u00f1os de trabajo, impulsado tambi\u00e9n por la asociaci\u00f3n &#8220;Amigos de la Reserva&#8221;. Se cont\u00f3 con estudios t\u00e9cnicos y con la elaboraci\u00f3n de un plan de manejo en conjunto con la Fundaci\u00f3n Vida Silvestre, en el que participaron representantes de ambas provincias (Corrientes y Entre R\u00edos), y de organizaciones locales. &#8220;Ese documento fue clave para concretar el traspaso. El espacio posee biodiversidad \u00fanica, con especies end\u00e9micas como el mono capuchino, y recibe gran cantidad de turismo ornitol\u00f3gico extranjero. Se avanzar\u00e1 en mejorar las condiciones para los visitantes, invito a conocer el lugar.&#8221;<\/p>\n<p>ARTICULACI\u00d3N SECTORES P\u00daBLICO PRIVADO<\/p>\n<p>Sobre la articulaci\u00f3n con el sector privado y el desarrollo local, Azcu\u00e9 indic\u00f3 que &#8220;se trabaja junto al Gobierno provincial y el Ministerio de Turismo en capacitaciones para formar a la comunidad como anfitriones. Mocoret\u00e1 tiene una econom\u00eda basada en la producci\u00f3n de c\u00edtricos, forestaci\u00f3n y aserraderos; hace poco tiempo el turismo no se visualizaba como una alternativa, pero hoy se ampli\u00f3 la oferta de alojamiento \u2014que pas\u00f3 de uno o dos hoteles a caba\u00f1as, departamentos y casas\u2014 y empieza a desarrollarse la gastronom\u00eda. El pueblo mantiene un entorno tranquilo, con mucho verde y aire limpio, caracter\u00edsticas que atraen a quienes llegan desde grandes centros urbanos, atra\u00eddos por los encantos de nuestros lugares, agendan su retorno.&#8221; Concluy\u00f3 la Directora de Cultura y Turismo Cristina Azcu\u00e9.<\/p>\n<p>Direcci\u00f3n de Prensa-Municipalidad de Goya<\/p>\n<p>&nbsp;<\/p>\n<p>&nbsp;<\/p>\n","protected":false},"excerpt":{"rendered":"<p>La medida, concretada tras m\u00e1s de 15 a\u00f1os de gestiones, involucra a Corrientes y Entre R\u00edos. Se impulsar\u00e1 el cuidado del lugar y se ampliar\u00e1 la oferta para recibir visitantes. La directora de Cultura y Turismo de Mocoret\u00e1, Cristina Azcu\u00e9, inform\u00f3 en declaraciones radiales sobre el avance de la iniciativa y se\u00f1al\u00f3 que esta experiencia [&hellip;]<\/p>\n","protected":false},"author":2,"featured_media":10226,"comment_status":"open","ping_status":"open","sticky":false,"template":"","format":"standard","meta":{"footnotes":""},"categories":[79],"tags":[],"class_list":["post-10225","post","type-post","status-publish","format-standard","has-post-thumbnail","category-provincia"],"_links":{"self":[{"href":"https:\/\/radiokissnoticias.com.ar\/web\/wp-json\/wp\/v2\/posts\/10225","targetHints":{"allow":["GET"]}}],"collection":[{"href":"https:\/\/radiokissnoticias.com.ar\/web\/wp-json\/wp\/v2\/posts"}],"about":[{"href":"https:\/\/radiokissnoticias.com.ar\/web\/wp-json\/wp\/v2\/types\/post"}],"author":[{"embeddable":true,"href":"https:\/\/radiokissnoticias.com.ar\/web\/wp-json\/wp\/v2\/users\/2"}],"replies":[{"embeddable":true,"href":"https:\/\/radiokissnoticias.com.ar\/web\/wp-json\/wp\/v2\/comments?post=10225"}],"version-history":[{"count":1,"href":"https:\/\/radiokissnoticias.com.ar\/web\/wp-json\/wp\/v2\/posts\/10225\/revisions"}],"predecessor-version":[{"id":10227,"href":"https:\/\/radiokissnoticias.com.ar\/web\/wp-json\/wp\/v2\/posts\/10225\/revisions\/10227"}],"wp:featuredmedia":[{"embeddable":true,"href":"https:\/\/radiokissnoticias.com.ar\/web\/wp-json\/wp\/v2\/media\/10226"}],"wp:attachment":[{"href":"https:\/\/radiokissnoticias.com.ar\/web\/wp-json\/wp\/v2\/media?parent=10225"}],"wp:term":[{"taxonomy":"category","embeddable":true,"href":"https:\/\/radiokissnoticias.com.ar\/web\/wp-json\/wp\/v2\/categories?post=10225"},{"taxonomy":"post_tag","embeddable":true,"href":"https:\/\/radiokissnoticias.com.ar\/web\/wp-json\/wp\/v2\/tags?post=10225"}],"curies":[{"name":"wp","href":"https:\/\/api.w.org\/{rel}","templated":true}]}}