{"id":10157,"date":"2026-07-21T21:11:40","date_gmt":"2026-07-22T00:11:40","guid":{"rendered":"https:\/\/radiokissnoticias.com.ar\/web\/?p=10157"},"modified":"2026-07-21T21:13:56","modified_gmt":"2026-07-22T00:13:56","slug":"paredes-volvio-a-boca-y-ya-se-entreno-a-la-par-de-sus-companeros","status":"publish","type":"post","link":"https:\/\/radiokissnoticias.com.ar\/web\/2026\/07\/21\/paredes-volvio-a-boca-y-ya-se-entreno-a-la-par-de-sus-companeros\/","title":{"rendered":"Paredes volvi\u00f3 a Boca y ya se entren\u00f3 a la par de sus compa\u00f1eros"},"content":{"rendered":"<p>El mediocampista podr\u00eda ser de la partida este jueves ante O\u00b4Higgins de Chile, por Copa Sudamericana.<\/p>\n<p>El mediocampista Leandro Paredes, quien viene de disputar el Mundial 2026 con la Selecci\u00f3n argentina, se present\u00f3 en el entrenamiento de Boca, donde trabaj\u00f3 a la par de sus compa\u00f1eros, y podr\u00eda jugar ante O\u00b4Higgins en la Copa Sudamericana.<\/p>\n<p>&#8220;De vuelta en casa. Nuestro capit\u00e1n&#8221;, fue el posteo con el que Boca comparti\u00f3 en sus redes sociales la llegada de Paredes.<\/p>\n<p>En el mismo se ve al jugador mientras llega a Casa Amarilla y saluda a todos sus compa\u00f1eros. Pero la gran sorpresa lleg\u00f3 unos minutos despu\u00e9s, cuando subieron unas im\u00e1genes del mediocampista mientras entrenaba a solo dos d\u00edas de haber disputado la final del mundo, en la que la Selecci\u00f3n argentina cay\u00f3 1-0 ante Espa\u00f1a.<\/p>\n<p>Paredes tuvo una gran actuaci\u00f3n en la Copa del Mundo, ya que a partir de los octavos de final consigui\u00f3 la titularidad para reemplazar como 5 a Alexis Mac Allister, de muy pobre actuaci\u00f3n.<\/p>\n<p>Pese a sus grandes actuaciones, el director t\u00e9cnico Lionel Scaloni decidi\u00f3 mandarlo al banco de suplentes en la final, por lo que Paredes ingres\u00f3 reci\u00e9n para el segundo tiempo, en un encuentro donde la Argentina nunca pudo hacerse con la posesi\u00f3n de la pelota y se vio muy superada por la &#8220;Furia Roja&#8221;.<\/p>\n<p>Ya con la mente puesta en Boca, Paredes podr\u00eda ser titular o en su defecto sumar minutos en el encuentro de este jueves, cuando el &#8220;Xeneize&#8221; reciba a O\u00b4Higgins de Chile por la ida de los 16avos de final de la Copa Sudamericana.<\/p>\n<p>Este torneo se presenta como una gran oportunidad para el &#8220;Xeneize&#8221; de cortar con la sequ\u00eda de 18 a\u00f1os sin t\u00edtulos internacionales. El \u00faltimo que consigui\u00f3 fue la Recopa Sudamericana 2008, en la que super\u00f3 a Arsenal de Sarand\u00ed.<\/p>\n<p>Este semestre ser\u00e1 muy intenso para Boca, ya que tambi\u00e9n est\u00e1 con la obligaci\u00f3n de dar pelea tanto en el Torneo Clausura de la Liga Profesional de F\u00fatbol como en la Copa Argentina.<\/p>\n","protected":false},"excerpt":{"rendered":"<p>El mediocampista podr\u00eda ser de la partida este jueves ante O\u00b4Higgins de Chile, por Copa Sudamericana. El mediocampista Leandro Paredes, quien viene de disputar el Mundial 2026 con la Selecci\u00f3n argentina, se present\u00f3 en el entrenamiento de Boca, donde trabaj\u00f3 a la par de sus compa\u00f1eros, y podr\u00eda jugar ante O\u00b4Higgins en la Copa Sudamericana. [&hellip;]<\/p>\n","protected":false},"author":2,"featured_media":10160,"comment_status":"open","ping_status":"open","sticky":false,"template":"","format":"standard","meta":{"footnotes":""},"categories":[83],"tags":[],"class_list":["post-10157","post","type-post","status-publish","format-standard","has-post-thumbnail","category-deporte"],"_links":{"self":[{"href":"https:\/\/radiokissnoticias.com.ar\/web\/wp-json\/wp\/v2\/posts\/10157","targetHints":{"allow":["GET"]}}],"collection":[{"href":"https:\/\/radiokissnoticias.com.ar\/web\/wp-json\/wp\/v2\/posts"}],"about":[{"href":"https:\/\/radiokissnoticias.com.ar\/web\/wp-json\/wp\/v2\/types\/post"}],"author":[{"embeddable":true,"href":"https:\/\/radiokissnoticias.com.ar\/web\/wp-json\/wp\/v2\/users\/2"}],"replies":[{"embeddable":true,"href":"https:\/\/radiokissnoticias.com.ar\/web\/wp-json\/wp\/v2\/comments?post=10157"}],"version-history":[{"count":2,"href":"https:\/\/radiokissnoticias.com.ar\/web\/wp-json\/wp\/v2\/posts\/10157\/revisions"}],"predecessor-version":[{"id":10161,"href":"https:\/\/radiokissnoticias.com.ar\/web\/wp-json\/wp\/v2\/posts\/10157\/revisions\/10161"}],"wp:featuredmedia":[{"embeddable":true,"href":"https:\/\/radiokissnoticias.com.ar\/web\/wp-json\/wp\/v2\/media\/10160"}],"wp:attachment":[{"href":"https:\/\/radiokissnoticias.com.ar\/web\/wp-json\/wp\/v2\/media?parent=10157"}],"wp:term":[{"taxonomy":"category","embeddable":true,"href":"https:\/\/radiokissnoticias.com.ar\/web\/wp-json\/wp\/v2\/categories?post=10157"},{"taxonomy":"post_tag","embeddable":true,"href":"https:\/\/radiokissnoticias.com.ar\/web\/wp-json\/wp\/v2\/tags?post=10157"}],"curies":[{"name":"wp","href":"https:\/\/api.w.org\/{rel}","templated":true}]}}