{"id":10152,"date":"2026-07-21T20:11:33","date_gmt":"2026-07-21T23:11:33","guid":{"rendered":"https:\/\/radiokissnoticias.com.ar\/web\/?p=10152"},"modified":"2026-07-21T20:11:33","modified_gmt":"2026-07-21T23:11:33","slug":"trabajos-preventivos-intendente-hormaechea-recorrio-barrio-los-chacales","status":"publish","type":"post","link":"https:\/\/radiokissnoticias.com.ar\/web\/2026\/07\/21\/trabajos-preventivos-intendente-hormaechea-recorrio-barrio-los-chacales\/","title":{"rendered":"Trabajos preventivos: Intendente Hormaechea recorri\u00f3 barrio Los Chacales"},"content":{"rendered":"<p>Esta iniciativa forma parte de una estrategia de trabajo articulado por el municipio ante los pron\u00f3sticos que anticipan la llegada del fen\u00f3meno clim\u00e1tico de El Ni\u00f1o y las acciones de prevenci\u00f3n y respuesta con el objetivo de mitigar el impacto de posibles lluvias intensas y niveles de r\u00edo alto.<\/p>\n<p>En la ma\u00f1ana del martes, el Intendente de Goya, doctor Mariano Hormaechea, realiz\u00f3 una recorrida por el barrio Los Chacales, donde mantuvo un contacto directo con vecinos, junto a funcionarios.<\/p>\n<p>Acompa\u00f1aron al jefe comunal en la visita el Secretario de Obras P\u00fablicas, Gustavo Ben\u00edtez, Secretario de Desarrollo Humano y Promoci\u00f3n Social Julio Canteros, Directora de Acci\u00f3n Social Victoria Gonz\u00e1lez, el responsable del \u00e1rea de Servicios, Pedro Zarantonelli; el Administrador de PRODEGO, ingeniero Gustavo Gabiassi e integrantes del equipo de esta \u00e1rea.<\/p>\n<p>En el lugar trabajan m\u00e1quinas, equipos viales con personal. Recordemos que esta zona, es un sector vulnerable, por lo que las intervenciones son para reforzar este recinto, donde se prev\u00e9 expandir el territorio con el objetivo de ampliar la zona, protegiendo a otros vecinos del lugar, actualmente el \u00e1rea comprendida son 4 hect\u00e1reas, planificando integrar media hect\u00e1rea m\u00e1s al recinto.<\/p>\n<p>Se realizan tareas con una m\u00e1quina a orugas, que realiza intervenci\u00f3n de mantenimiento y rectificaci\u00f3n de desag\u00fces primarios y defensas.<\/p>\n<p>En la oportunidad se dialog\u00f3 con vecinos, recomendando el cuidado de las defensas, evitar arrojar basura en los desag\u00fces, para poder entre todos mitigar las posibles consecuencias ante eventuales contingencias.<\/p>\n<p>&nbsp;<\/p>\n","protected":false},"excerpt":{"rendered":"<p>Esta iniciativa forma parte de una estrategia de trabajo articulado por el municipio ante los pron\u00f3sticos que anticipan la llegada del fen\u00f3meno clim\u00e1tico de El Ni\u00f1o y las acciones de prevenci\u00f3n y respuesta con el objetivo de mitigar el impacto de posibles lluvias intensas y niveles de r\u00edo alto. En la ma\u00f1ana del martes, el [&hellip;]<\/p>\n","protected":false},"author":2,"featured_media":10153,"comment_status":"open","ping_status":"open","sticky":false,"template":"","format":"standard","meta":{"footnotes":""},"categories":[77],"tags":[],"class_list":["post-10152","post","type-post","status-publish","format-standard","has-post-thumbnail","category-local"],"_links":{"self":[{"href":"https:\/\/radiokissnoticias.com.ar\/web\/wp-json\/wp\/v2\/posts\/10152","targetHints":{"allow":["GET"]}}],"collection":[{"href":"https:\/\/radiokissnoticias.com.ar\/web\/wp-json\/wp\/v2\/posts"}],"about":[{"href":"https:\/\/radiokissnoticias.com.ar\/web\/wp-json\/wp\/v2\/types\/post"}],"author":[{"embeddable":true,"href":"https:\/\/radiokissnoticias.com.ar\/web\/wp-json\/wp\/v2\/users\/2"}],"replies":[{"embeddable":true,"href":"https:\/\/radiokissnoticias.com.ar\/web\/wp-json\/wp\/v2\/comments?post=10152"}],"version-history":[{"count":1,"href":"https:\/\/radiokissnoticias.com.ar\/web\/wp-json\/wp\/v2\/posts\/10152\/revisions"}],"predecessor-version":[{"id":10154,"href":"https:\/\/radiokissnoticias.com.ar\/web\/wp-json\/wp\/v2\/posts\/10152\/revisions\/10154"}],"wp:featuredmedia":[{"embeddable":true,"href":"https:\/\/radiokissnoticias.com.ar\/web\/wp-json\/wp\/v2\/media\/10153"}],"wp:attachment":[{"href":"https:\/\/radiokissnoticias.com.ar\/web\/wp-json\/wp\/v2\/media?parent=10152"}],"wp:term":[{"taxonomy":"category","embeddable":true,"href":"https:\/\/radiokissnoticias.com.ar\/web\/wp-json\/wp\/v2\/categories?post=10152"},{"taxonomy":"post_tag","embeddable":true,"href":"https:\/\/radiokissnoticias.com.ar\/web\/wp-json\/wp\/v2\/tags?post=10152"}],"curies":[{"name":"wp","href":"https:\/\/api.w.org\/{rel}","templated":true}]}}