{"id":10095,"date":"2026-07-20T21:24:54","date_gmt":"2026-07-21T00:24:54","guid":{"rendered":"https:\/\/radiokissnoticias.com.ar\/web\/?p=10095"},"modified":"2026-07-20T21:24:54","modified_gmt":"2026-07-21T00:24:54","slug":"corrientes-avanza-en-la-planificacion-vignolo-confirmo-planes-de-contingencia-por-riesgo-climatico-de-el-nino","status":"publish","type":"post","link":"https:\/\/radiokissnoticias.com.ar\/web\/2026\/07\/20\/corrientes-avanza-en-la-planificacion-vignolo-confirmo-planes-de-contingencia-por-riesgo-climatico-de-el-nino\/","title":{"rendered":"CORRIENTES AVANZA EN LA PLANIFICACI\u00d3N: Vignolo confirm\u00f3 planes de contingencia por riesgo clim\u00e1tico de El Ni\u00f1o"},"content":{"rendered":"<p>El ministro de Coordinaci\u00f3n y Planificaci\u00f3n de Corrientes, Carlos Vignolo, inform\u00f3 que el Gobierno provincial puso en marcha un esquema de trabajo preventivo ante los pron\u00f3sticos que anticipan una posible intensificaci\u00f3n del fen\u00f3meno de El Ni\u00f1o durante los pr\u00f3ximos meses.<\/p>\n<p>Explic\u00f3 que las distintas \u00e1reas de la administraci\u00f3n provincial ya se encuentran desarrollando acciones de planificaci\u00f3n y coordinaci\u00f3n con el objetivo de fortalecer la capacidad de respuesta frente a eventuales emergencias clim\u00e1ticas, en funci\u00f3n de los antecedentes registrados en la provincia y de la informaci\u00f3n t\u00e9cnica disponible.<\/p>\n<p>Vig\u00f1olo se\u00f1al\u00f3 que la decisi\u00f3n responde a los informes difundidos por especialistas y meteor\u00f3logos, quienes advierten sobre un escenario clim\u00e1tico complejo. En ese marco, sostuvo: &#8220;Es un tema que hay que analizarlo. Nosotros nos estamos ocupando del tema ante los datos que aparecen en la opini\u00f3n p\u00fablica en general. Se est\u00e1n expresando especialistas, meteor\u00f3logos y todos anuncian una situaci\u00f3n compleja del punto de vista clim\u00e1tico&#8221;. Agreg\u00f3 que la experiencia acumulada en eventos anteriores obliga al Estado a adoptar medidas anticipadas para minimizar posibles consecuencias.<\/p>\n<p>El funcionario remarc\u00f3 que el Gobierno provincial considera indispensable actuar antes de que se produzcan los efectos del fen\u00f3meno. En ese sentido afirm\u00f3: &#8220;Hay que anticiparse, hay que prepararse, hay que mirar todos los aspectos necesario para responder ante la emergencia&#8221;. Asimismo, explic\u00f3 que el comportamiento del clima no responde a par\u00e1metros completamente previsibles debido a la influencia del cambio clim\u00e1tico, por lo que resulta necesario fortalecer la planificaci\u00f3n y mantener una vigilancia permanente.<\/p>\n<p>Como parte de esa estrategia preventiva, Vig\u00f1olo indic\u00f3 que, por instrucci\u00f3n del gobernador, todas las \u00e1reas con competencia en la gesti\u00f3n de emergencias trabajan en la actualizaci\u00f3n de protocolos y mecanismos de respuesta. Precis\u00f3: &#8220;Lo que estamos haciendo por indicaci\u00f3n del gobernador de la provincia es trabajar todas las \u00e1reas que tienen intervenci\u00f3n directa, prepar\u00e1ndonos, ajustando detalles, desarrollando planes de contingencia&#8221;. Tambi\u00e9n adelant\u00f3 la realizaci\u00f3n de reuniones internas y posteriores encuentros con intendentes para coordinar acciones en todo el territorio provincial.<\/p>\n<p><b>PREPARATIVOS FRENTE AL FEN\u00d3MENO DE EL NI\u00d1O<\/b><\/p>\n<p>El ministro explic\u00f3 que los informes meteorol\u00f3gicos indican que El Ni\u00f1o podr\u00eda manifestarse con una intensidad significativa, circunstancia que obliga a tomar como referencia los antecedentes hist\u00f3ricos registrados en Corrientes. En ese contexto expres\u00f3: &#8220;Todos los especialistas expresan que El Ni\u00f1o se va a manifestar de una manera muy intensa y eso significa para nosotros lluvias e inundaciones por r\u00edo&#8221;. A\u00f1adi\u00f3 que el Gobierno relevar\u00e1 las zonas hist\u00f3ricamente afectadas para fortalecer la capacidad de respuesta.<\/p>\n<p>Vig\u00f1olo indic\u00f3 que el prop\u00f3sito consiste en prepararse para distintos escenarios sin anticipar conclusiones sobre la magnitud definitiva del fen\u00f3meno. En sus palabras, &#8220;vamos a tomar todas las referencias hist\u00f3ricas que hemos tenido en Corrientes, cu\u00e1les fueron los lugares que tuvieron afecci\u00f3n, hacer relevamiento y prepararnos ante una contingencia que no sabemos la envergadura&#8221;. Tambi\u00e9n manifest\u00f3 su expectativa de que el impacto sea menor al previsto, aunque aclar\u00f3 que la responsabilidad del Gobierno es &#8220;hacer los deberes&#8221;.<\/p>\n<p>Respecto del cronograma estimado, se\u00f1al\u00f3 que el fen\u00f3meno ya comenz\u00f3 a manifestarse, aunque los especialistas prev\u00e9n su mayor intensidad entre octubre y marzo. Al respecto sostuvo: &#8220;Esto ya empez\u00f3 a ocurrir, pero se espera que durante los meses de octubre y marzo sea el pico&#8221;. Aclar\u00f3 adem\u00e1s que no es posible establecer con precisi\u00f3n el comportamiento del clima, al afirmar que &#8220;la naturaleza se expresa de un modo cada vez m\u00e1s intenso a nivel clima y adem\u00e1s sin aviso&#8221;.<\/p>\n<p>El funcionario evit\u00f3 anticipar alertas espec\u00edficas sobre zonas determinadas de la provincia y explic\u00f3 que el Gobierno trabaja en sistemas que permitan emitir informaci\u00f3n r\u00e1pida y precisa cuando resulte necesario. En ese sentido afirm\u00f3: &#8220;Nosotros no vamos a hacer alertas espec\u00edficas todav\u00eda. Estamos dise\u00f1ando sistemas para que dado el momento lleguemos a la comunidad de la manera m\u00e1s r\u00e1pida&#8221;. A\u00f1adi\u00f3 que la incorporaci\u00f3n de tecnolog\u00eda contribuir\u00e1 a mejorar los mecanismos de comunicaci\u00f3n y respuesta.<br \/>\n<b><br \/>\nCOORDINACI\u00d3N CON MUNICIPIOS Y PARTICIPACI\u00d3N CIUDADANA<\/b><\/p>\n<p>Vignolo destac\u00f3 que la estrategia oficial contempla un trabajo conjunto con los gobiernos municipales, al considerar que son las autoridades que poseen un conocimiento directo de las particularidades de cada localidad y de las poblaciones m\u00e1s vulnerables. Explic\u00f3 que los fen\u00f3menos clim\u00e1ticos presentan impactos diferentes seg\u00fan cada territorio y que la informaci\u00f3n local resulta fundamental para planificar las acciones preventivas y de asistencia.<\/p>\n<p>Asimismo, convoc\u00f3 a la ciudadan\u00eda y a los medios de comunicaci\u00f3n a colaborar en la difusi\u00f3n responsable de la informaci\u00f3n oficial. En ese sentido expres\u00f3: &#8220;Creo que tambi\u00e9n es muy importante que los medios de comunicaci\u00f3n acompa\u00f1en con la difusi\u00f3n, sin alarmas innecesarias, pero sabiendo que todos tenemos que hacer nuestro aporte&#8221;. Agreg\u00f3 que las acciones individuales tambi\u00e9n contribuyen a reducir riesgos, mencionando &#8220;el manejo de los residuos&#8221; y &#8220;el cuidado de los desag\u00fces&#8221; como medidas preventivas relevantes.<\/p>\n<p>Finalmente, el ministro reiter\u00f3 que la preparaci\u00f3n se apoya tanto en la experiencia acumulada como en el an\u00e1lisis de los antecedentes hist\u00f3ricos. Se\u00f1al\u00f3: &#8220;Nosotros no sabemos exactamente qu\u00e9 va a pasar. Pero s\u00ed sabemos qu\u00e9 ha pasado en otras oportunidades. Entonces, el registro hist\u00f3rico es de mucho valor para prepararnos&#8221;. A\u00f1adi\u00f3 que, cuando existan alertas o recomendaciones concretas, el Gobierno provincial las comunicar\u00e1 &#8220;de manera precisa y clara para que la gente est\u00e9 al tanto&#8221;.<\/p>\n","protected":false},"excerpt":{"rendered":"<p>El ministro de Coordinaci\u00f3n y Planificaci\u00f3n de Corrientes, Carlos Vignolo, inform\u00f3 que el Gobierno provincial puso en marcha un esquema de trabajo preventivo ante los pron\u00f3sticos que anticipan una posible intensificaci\u00f3n del fen\u00f3meno de El Ni\u00f1o durante los pr\u00f3ximos meses. Explic\u00f3 que las distintas \u00e1reas de la administraci\u00f3n provincial ya se encuentran desarrollando acciones de [&hellip;]<\/p>\n","protected":false},"author":2,"featured_media":10096,"comment_status":"open","ping_status":"open","sticky":false,"template":"","format":"standard","meta":{"footnotes":""},"categories":[79],"tags":[],"class_list":["post-10095","post","type-post","status-publish","format-standard","has-post-thumbnail","category-provincia"],"_links":{"self":[{"href":"https:\/\/radiokissnoticias.com.ar\/web\/wp-json\/wp\/v2\/posts\/10095","targetHints":{"allow":["GET"]}}],"collection":[{"href":"https:\/\/radiokissnoticias.com.ar\/web\/wp-json\/wp\/v2\/posts"}],"about":[{"href":"https:\/\/radiokissnoticias.com.ar\/web\/wp-json\/wp\/v2\/types\/post"}],"author":[{"embeddable":true,"href":"https:\/\/radiokissnoticias.com.ar\/web\/wp-json\/wp\/v2\/users\/2"}],"replies":[{"embeddable":true,"href":"https:\/\/radiokissnoticias.com.ar\/web\/wp-json\/wp\/v2\/comments?post=10095"}],"version-history":[{"count":1,"href":"https:\/\/radiokissnoticias.com.ar\/web\/wp-json\/wp\/v2\/posts\/10095\/revisions"}],"predecessor-version":[{"id":10097,"href":"https:\/\/radiokissnoticias.com.ar\/web\/wp-json\/wp\/v2\/posts\/10095\/revisions\/10097"}],"wp:featuredmedia":[{"embeddable":true,"href":"https:\/\/radiokissnoticias.com.ar\/web\/wp-json\/wp\/v2\/media\/10096"}],"wp:attachment":[{"href":"https:\/\/radiokissnoticias.com.ar\/web\/wp-json\/wp\/v2\/media?parent=10095"}],"wp:term":[{"taxonomy":"category","embeddable":true,"href":"https:\/\/radiokissnoticias.com.ar\/web\/wp-json\/wp\/v2\/categories?post=10095"},{"taxonomy":"post_tag","embeddable":true,"href":"https:\/\/radiokissnoticias.com.ar\/web\/wp-json\/wp\/v2\/tags?post=10095"}],"curies":[{"name":"wp","href":"https:\/\/api.w.org\/{rel}","templated":true}]}}