{"id":10083,"date":"2026-07-20T21:10:11","date_gmt":"2026-07-21T00:10:11","guid":{"rendered":"https:\/\/radiokissnoticias.com.ar\/web\/?p=10083"},"modified":"2026-07-20T21:10:11","modified_gmt":"2026-07-21T00:10:11","slug":"dia-del-amigo-yayo-scofano-saludo-en-nombre-de-los-bomberos-voluntarios-de-goya","status":"publish","type":"post","link":"https:\/\/radiokissnoticias.com.ar\/web\/2026\/07\/20\/dia-del-amigo-yayo-scofano-saludo-en-nombre-de-los-bomberos-voluntarios-de-goya\/","title":{"rendered":"D\u00eda del Amigo: Yayo Sc\u00f3fano salud\u00f3 en nombre de los Bomberos Voluntarios de Goya"},"content":{"rendered":"<p>En este 20 de julio, D\u00eda del Amigo, celebramos las grandes amistades, compa\u00f1erismo y camarader\u00eda que se crean en la instituci\u00f3n. Ser bombero es mucho m\u00e1s que usar un uniforme, es vivir juntos la experiencia y el servicio hacia los dem\u00e1s, tal cual una verdadera familia.<\/p>\n<p>Hoy celebramos esa amistad que se forja en los desaf\u00edos que impone la tarea Bomberil y la apertura del Cuerpo como instituci\u00f3n hacia la comunidad.<\/p>\n<p>YAYO SCOFANO<\/p>\n<p>Edgardo Yayo Scofano, presidente de CD de esta instituci\u00f3n, record\u00f3 que, en el mes de junio pasado, la Asociaci\u00f3n Goyana de Bomberos Voluntarios lanz\u00f3 una propuesta a la comunidad con el objetivo de acercar su labor diaria a los ciudadanos. La instituci\u00f3n invit\u00f3 a vecinos de Goya a participar de visitas espaciales guiadas al Cuartel de Bomberos ubicado por calle 25 de mayo y 12 de octubre.<\/p>\n<p>Esta iniciativa busc\u00f3 fortalecer el v\u00ednculo con la ciudadan\u00eda, brindando la posibilidad de interiorizarse sobre el trabajo que realizan los bomberos voluntarios, as\u00ed como tambi\u00e9n generar un espacio de encuentro y aprendizaje.<\/p>\n<p>Durante la actividad, los asistentes pudieron recorrer las instalaciones a trav\u00e9s de visitas guiadas por las distintas dependencias, conocer de cerca el equipamiento utilizado en cada intervenci\u00f3n y observar las unidades m\u00f3viles con las que cuentan para brindar sus servicios a la comunidad.<\/p>\n<p>&#8220;Estamos muy contentos porque la gente de Goya nos acompa\u00f1\u00f3. La gente vino al cuartel a conocer y ver los distintos modos de tratamiento de la emergencia como: incendios forestales, incendios estructurales, rescates con cuerdas, primeros auxilios, lo que fue muy bien recibido por la sociedad. Hubo visita guiada por todo el cuartel as\u00ed que muy contentos&#8221; reiter\u00f3.<\/p>\n<p>Sc\u00f3fano indic\u00f3 que mucha gente se hizo presente para conocer el trabajo de los servidores p\u00fablicos &#8220;as\u00ed que mejor que este D\u00eda del Amigo para reconocer la tarea que despliegan nuestros Bomberos en la comunidad&#8221; dijo.<\/p>\n<p>ENTREGA DE SUBSIDIO<\/p>\n<p>El titular de la Comisi\u00f3n Directiva hizo alusi\u00f3n a que d\u00edas atr\u00e1s, en un acto encabezado por el gobernador Juan Pablo Vald\u00e9s, la Provincia formaliz\u00f3 la entrega de una ayuda econ\u00f3mica consistente en un subsidio de 3 millones y medio de pesos para equipamiento e infraestructura.<\/p>\n<p>La Provincia de Corrientes formaliz\u00f3 la entrega de subsidios extraordinarios a las 60 asociaciones de bomberos voluntarios del territorio provincial.<\/p>\n<p>&#8220;Valoramos la ayuda de la provincia, una ayuda que es muy chiquita, pero servir\u00e1 para el sostenimiento de esta Asociaci\u00f3n&#8221;.<\/p>\n<p>Por \u00faltimo, se\u00f1al\u00f3 que el se\u00f1or Adolfo Ercole, vicepresidente de CD, fue el encargado de recepcionar este beneficio.<\/p>\n<p>Direcci\u00f3n de Prensa-Municipalidad de Goya<\/p>\n","protected":false},"excerpt":{"rendered":"<p>En este 20 de julio, D\u00eda del Amigo, celebramos las grandes amistades, compa\u00f1erismo y camarader\u00eda que se crean en la instituci\u00f3n. Ser bombero es mucho m\u00e1s que usar un uniforme, es vivir juntos la experiencia y el servicio hacia los dem\u00e1s, tal cual una verdadera familia. Hoy celebramos esa amistad que se forja en los [&hellip;]<\/p>\n","protected":false},"author":2,"featured_media":10084,"comment_status":"open","ping_status":"open","sticky":false,"template":"","format":"standard","meta":{"footnotes":""},"categories":[77],"tags":[],"class_list":["post-10083","post","type-post","status-publish","format-standard","has-post-thumbnail","category-local"],"_links":{"self":[{"href":"https:\/\/radiokissnoticias.com.ar\/web\/wp-json\/wp\/v2\/posts\/10083","targetHints":{"allow":["GET"]}}],"collection":[{"href":"https:\/\/radiokissnoticias.com.ar\/web\/wp-json\/wp\/v2\/posts"}],"about":[{"href":"https:\/\/radiokissnoticias.com.ar\/web\/wp-json\/wp\/v2\/types\/post"}],"author":[{"embeddable":true,"href":"https:\/\/radiokissnoticias.com.ar\/web\/wp-json\/wp\/v2\/users\/2"}],"replies":[{"embeddable":true,"href":"https:\/\/radiokissnoticias.com.ar\/web\/wp-json\/wp\/v2\/comments?post=10083"}],"version-history":[{"count":1,"href":"https:\/\/radiokissnoticias.com.ar\/web\/wp-json\/wp\/v2\/posts\/10083\/revisions"}],"predecessor-version":[{"id":10085,"href":"https:\/\/radiokissnoticias.com.ar\/web\/wp-json\/wp\/v2\/posts\/10083\/revisions\/10085"}],"wp:featuredmedia":[{"embeddable":true,"href":"https:\/\/radiokissnoticias.com.ar\/web\/wp-json\/wp\/v2\/media\/10084"}],"wp:attachment":[{"href":"https:\/\/radiokissnoticias.com.ar\/web\/wp-json\/wp\/v2\/media?parent=10083"}],"wp:term":[{"taxonomy":"category","embeddable":true,"href":"https:\/\/radiokissnoticias.com.ar\/web\/wp-json\/wp\/v2\/categories?post=10083"},{"taxonomy":"post_tag","embeddable":true,"href":"https:\/\/radiokissnoticias.com.ar\/web\/wp-json\/wp\/v2\/tags?post=10083"}],"curies":[{"name":"wp","href":"https:\/\/api.w.org\/{rel}","templated":true}]}}