{"id":10026,"date":"2026-07-20T09:54:30","date_gmt":"2026-07-20T12:54:30","guid":{"rendered":"https:\/\/radiokissnoticias.com.ar\/web\/?p=10026"},"modified":"2026-07-20T09:57:51","modified_gmt":"2026-07-20T12:57:51","slug":"la-policia-de-goya-esclarecio-un-homicidio-y-detuvo-a-dos-presuntos-autores","status":"publish","type":"post","link":"https:\/\/radiokissnoticias.com.ar\/web\/2026\/07\/20\/la-policia-de-goya-esclarecio-un-homicidio-y-detuvo-a-dos-presuntos-autores\/","title":{"rendered":"La polic\u00eda de Goya esclareci\u00f3 un homicidio y detuvo a dos presuntos autores"},"content":{"rendered":"<p>La Polic\u00eda de Corrientes inform\u00f3 que, tras un r\u00e1pido trabajo investigativo, logr\u00f3 esclarecer un hecho de homicidio ocurrido en la noche del domimgo 19 de julio en inmediaciones de las calles Primero de Mayo y Soto, en la ciudad de Goya. El trabajo policial estuvo a cargo del comisario inspector Walter Lopez.<\/p>\n<div>La v\u00edctima fue identificada como Juan Ram\u00f3n Arce, quien fue hallado sin vida en la v\u00eda p\u00fablica con lesiones producidas por arma blanca.<\/div>\n<div><\/div>\n<div>De acuerdo con las tareas investigativas desarrolladas por efectivos de la Comisar\u00eda Seccional Sexta, bajo directivas de la Unidad Fiscal de Turno que incluyeron la recepci\u00f3n de testimonios, el an\u00e1lisis de registros de c\u00e1maras de seguridad y otras diligencias, se logr\u00f3 reconstruir la mec\u00e1nica del hecho e identificar a los presuntos responsables.<\/div>\n<div><\/div>\n<div>En el marco de la investigaci\u00f3n, ambos sospechosos fueron detenidos y puestos a disposici\u00f3n de la autoridad judicial competente. Asimismo, se secuestr\u00f3 una motocicleta que habr\u00eda sido utilizada durante el hecho y se realizaron allanamientos, procedi\u00e9ndose adem\u00e1s al secuestro de distintos elementos de inter\u00e9s para la causa, los cuales ser\u00e1n sometidos a las correspondientes pericias.<\/div>\n<div><\/div>\n<div>Las actuaciones contin\u00faan bajo la direcci\u00f3n de la Unidad Fiscal de Investigaci\u00f3n interviniente, mientras se llevan adelante nuevas diligencias tendientes al total esclarecimiento del hecho.<\/div>\n","protected":false},"excerpt":{"rendered":"<p>La Polic\u00eda de Corrientes inform\u00f3 que, tras un r\u00e1pido trabajo investigativo, logr\u00f3 esclarecer un hecho de homicidio ocurrido en la noche del domimgo 19 de julio en inmediaciones de las calles Primero de Mayo y Soto, en la ciudad de Goya. El trabajo policial estuvo a cargo del comisario inspector Walter Lopez. La v\u00edctima fue [&hellip;]<\/p>\n","protected":false},"author":2,"featured_media":10030,"comment_status":"open","ping_status":"open","sticky":false,"template":"","format":"standard","meta":{"footnotes":""},"categories":[82],"tags":[],"class_list":["post-10026","post","type-post","status-publish","format-standard","has-post-thumbnail","category-policiales"],"_links":{"self":[{"href":"https:\/\/radiokissnoticias.com.ar\/web\/wp-json\/wp\/v2\/posts\/10026","targetHints":{"allow":["GET"]}}],"collection":[{"href":"https:\/\/radiokissnoticias.com.ar\/web\/wp-json\/wp\/v2\/posts"}],"about":[{"href":"https:\/\/radiokissnoticias.com.ar\/web\/wp-json\/wp\/v2\/types\/post"}],"author":[{"embeddable":true,"href":"https:\/\/radiokissnoticias.com.ar\/web\/wp-json\/wp\/v2\/users\/2"}],"replies":[{"embeddable":true,"href":"https:\/\/radiokissnoticias.com.ar\/web\/wp-json\/wp\/v2\/comments?post=10026"}],"version-history":[{"count":1,"href":"https:\/\/radiokissnoticias.com.ar\/web\/wp-json\/wp\/v2\/posts\/10026\/revisions"}],"predecessor-version":[{"id":10028,"href":"https:\/\/radiokissnoticias.com.ar\/web\/wp-json\/wp\/v2\/posts\/10026\/revisions\/10028"}],"wp:featuredmedia":[{"embeddable":true,"href":"https:\/\/radiokissnoticias.com.ar\/web\/wp-json\/wp\/v2\/media\/10030"}],"wp:attachment":[{"href":"https:\/\/radiokissnoticias.com.ar\/web\/wp-json\/wp\/v2\/media?parent=10026"}],"wp:term":[{"taxonomy":"category","embeddable":true,"href":"https:\/\/radiokissnoticias.com.ar\/web\/wp-json\/wp\/v2\/categories?post=10026"},{"taxonomy":"post_tag","embeddable":true,"href":"https:\/\/radiokissnoticias.com.ar\/web\/wp-json\/wp\/v2\/tags?post=10026"}],"curies":[{"name":"wp","href":"https:\/\/api.w.org\/{rel}","templated":true}]}}