{"id":10022,"date":"2026-07-20T09:43:07","date_gmt":"2026-07-20T12:43:07","guid":{"rendered":"https:\/\/radiokissnoticias.com.ar\/web\/?p=10022"},"modified":"2026-07-20T09:43:07","modified_gmt":"2026-07-20T12:43:07","slug":"un-ladron-rompio-una-vidriera-pero-cayo-identificado-por-las-camaras","status":"publish","type":"post","link":"https:\/\/radiokissnoticias.com.ar\/web\/2026\/07\/20\/un-ladron-rompio-una-vidriera-pero-cayo-identificado-por-las-camaras\/","title":{"rendered":"Un ladr\u00f3n rompi\u00f3 una vidriera, pero cay\u00f3 identificado por las c\u00e1maras"},"content":{"rendered":"<p>El hecho ocurri\u00f3 el domingo a la ma\u00f1ana en la avenida Jos\u00e9 Jacinto Rolon. La Polic\u00eda rastre\u00f3 las im\u00e1genes de seguridad, recuper\u00f3 la totalidad de lo robado y detuvo a un joven de 28 a\u00f1os. Un r\u00e1pido accionar de la comisar\u00eda cuarta, a cargo del comisario inspector Miguel \u00c1ngel Meza, permiti\u00f3 esclarecer en pocas horas un robo calificado.<\/p>\n<p>Un delincuente rompi\u00f3 la vidriera de un conocido local de indumentaria, se apoder\u00f3 de una importante cantidad de mercader\u00eda y huy\u00f3, pero termin\u00f3 identificado por las c\u00e1maras de seguridad y aprehendido por el personal de la comisar\u00eda cuarta.<\/p>\n<div>El hecho se registr\u00f3 minutos antes de las 9 de la ma\u00f1ana del domingo, cuando un llamado al tel\u00e9fono de la comisar\u00eda cuarta alert\u00f3 sobre un ataque contra el comercio, ubicado sobre la Avenida Jos\u00e9 Jacinto Rolon al 1451.<\/div>\n<div><\/div>\n<div>Tras la inspecci\u00f3n ocular en la escena del crimen y la intervenci\u00f3n del perito en turno, los investigadores analizaron los registros de las c\u00e1maras de seguridad de la zona.<\/div>\n<div><\/div>\n<div>El relevamiento de las im\u00e1genes permiti\u00f3 identificar r\u00e1pidamente al sospechoso.<\/div>\n<div><\/div>\n<div>La Polic\u00eda despleg\u00f3 un procedimiento que permiti\u00f3 localizar al imputado y recuperar la totalidad de la mercader\u00eda sustra\u00edda.<\/div>\n<div><\/div>\n<div>El supuesto autor fue identificado con el apellido Ojeda, mayor de edad, quien qued\u00f3 a disposici\u00f3n de la justicia. &#8211;<\/div>\n","protected":false},"excerpt":{"rendered":"<p>El hecho ocurri\u00f3 el domingo a la ma\u00f1ana en la avenida Jos\u00e9 Jacinto Rolon. La Polic\u00eda rastre\u00f3 las im\u00e1genes de seguridad, recuper\u00f3 la totalidad de lo robado y detuvo a un joven de 28 a\u00f1os. Un r\u00e1pido accionar de la comisar\u00eda cuarta, a cargo del comisario inspector Miguel \u00c1ngel Meza, permiti\u00f3 esclarecer en pocas horas [&hellip;]<\/p>\n","protected":false},"author":2,"featured_media":10023,"comment_status":"open","ping_status":"open","sticky":false,"template":"","format":"standard","meta":{"footnotes":""},"categories":[82],"tags":[],"class_list":["post-10022","post","type-post","status-publish","format-standard","has-post-thumbnail","category-policiales"],"_links":{"self":[{"href":"https:\/\/radiokissnoticias.com.ar\/web\/wp-json\/wp\/v2\/posts\/10022","targetHints":{"allow":["GET"]}}],"collection":[{"href":"https:\/\/radiokissnoticias.com.ar\/web\/wp-json\/wp\/v2\/posts"}],"about":[{"href":"https:\/\/radiokissnoticias.com.ar\/web\/wp-json\/wp\/v2\/types\/post"}],"author":[{"embeddable":true,"href":"https:\/\/radiokissnoticias.com.ar\/web\/wp-json\/wp\/v2\/users\/2"}],"replies":[{"embeddable":true,"href":"https:\/\/radiokissnoticias.com.ar\/web\/wp-json\/wp\/v2\/comments?post=10022"}],"version-history":[{"count":1,"href":"https:\/\/radiokissnoticias.com.ar\/web\/wp-json\/wp\/v2\/posts\/10022\/revisions"}],"predecessor-version":[{"id":10024,"href":"https:\/\/radiokissnoticias.com.ar\/web\/wp-json\/wp\/v2\/posts\/10022\/revisions\/10024"}],"wp:featuredmedia":[{"embeddable":true,"href":"https:\/\/radiokissnoticias.com.ar\/web\/wp-json\/wp\/v2\/media\/10023"}],"wp:attachment":[{"href":"https:\/\/radiokissnoticias.com.ar\/web\/wp-json\/wp\/v2\/media?parent=10022"}],"wp:term":[{"taxonomy":"category","embeddable":true,"href":"https:\/\/radiokissnoticias.com.ar\/web\/wp-json\/wp\/v2\/categories?post=10022"},{"taxonomy":"post_tag","embeddable":true,"href":"https:\/\/radiokissnoticias.com.ar\/web\/wp-json\/wp\/v2\/tags?post=10022"}],"curies":[{"name":"wp","href":"https:\/\/api.w.org\/{rel}","templated":true}]}}